{"id":1684,"date":"2019-09-26T12:59:33","date_gmt":"2019-09-26T15:59:33","guid":{"rendered":"https:\/\/enscarbo-cba.infd.edu.ar\/sitio\/?p=1684"},"modified":"2019-09-26T12:59:33","modified_gmt":"2019-09-26T15:59:33","slug":"charla-la-escuela-en-la-encrucijada-de-la-incomodidad","status":"publish","type":"post","link":"https:\/\/enscarbo-cba.infd.edu.ar\/sitio\/charla-la-escuela-en-la-encrucijada-de-la-incomodidad\/","title":{"rendered":"Charla: La Escuela en la Encrucijada de la Incomodidad"},"content":{"rendered":"<p>Estimados Profesores:<br \/>\nInvitamos a toda la comunidad Educativa de la Escuela Nornal Dr. \u00abAlejandro Carb\u00f3\u00bb.<br \/>\nCompartimos con Uds. El Ciclo de charlas que se realizar\u00e1 el 1 de octubre 2019 en el horario de 17.00 a 21.00 hs titulada. \u00abLa Escuela en la Encrucijada de la Incomodidad\u00bb con la presencia del Dr. Horacio Ferreyra, Subsecretario de Promoci\u00f3n de Igualdad y Calidad Educativa junto a la Doctora N\u00e9lida Marino coordinadora de la Red Provincial de Formaci\u00f3n continua.<br \/>\nEstas charlas constituyen espacios de capacitaci\u00f3n situada, otorgando puntaje por Resoluci\u00f3n Ministerial N\u00famero 161\/19.<\/p>\n<p>&nbsp;<\/p>\n<p><img decoding=\"async\" loading=\"lazy\" class=\"alignnone size-medium wp-image-1685\" src=\"https:\/\/enscarbo-cba.infd.edu.ar\/sitio\/wp-content\/uploads\/2019\/09\/WhatsApp-Image-2019-09-26-at-11.23.27-AM-563x1000.jpeg\" alt=\"\" width=\"563\" height=\"1000\" srcset=\"https:\/\/enscarbo-cba.infd.edu.ar\/sitio\/wp-content\/uploads\/2019\/09\/WhatsApp-Image-2019-09-26-at-11.23.27-AM-563x1000.jpeg 563w, https:\/\/enscarbo-cba.infd.edu.ar\/sitio\/wp-content\/uploads\/2019\/09\/WhatsApp-Image-2019-09-26-at-11.23.27-AM.jpeg 721w\" sizes=\"(max-width: 563px) 100vw, 563px\" \/><\/p>\n","protected":false},"excerpt":{"rendered":"<p>Estimados Profesores: Invitamos a toda la comunidad Educativa de la Escuela Nornal Dr. \u00abAlejandro Carb\u00f3\u00bb. Compartimos con Uds. El Ciclo de charlas que se realizar\u00e1 el 1 de octubre 2019 en el horario de 17.00 a 21.00 hs titulada. \u00abLa Escuela en la Encrucijada de la Incomodidad\u00bb con la presencia del Dr. Horacio Ferreyra, Subsecretario &#8230; <a title=\"Charla: La Escuela en la Encrucijada de la Incomodidad\" class=\"read-more\" href=\"https:\/\/enscarbo-cba.infd.edu.ar\/sitio\/charla-la-escuela-en-la-encrucijada-de-la-incomodidad\/\" aria-label=\"More on Charla: La Escuela en la Encrucijada de la Incomodidad\">[+]<\/a><\/p>\n","protected":false},"author":7,"featured_media":0,"comment_status":"open","ping_status":"open","sticky":false,"template":"","format":"standard","meta":[],"categories":[17,19],"tags":[],"acf":[],"_links":{"self":[{"href":"https:\/\/enscarbo-cba.infd.edu.ar\/sitio\/wp-json\/wp\/v2\/posts\/1684"}],"collection":[{"href":"https:\/\/enscarbo-cba.infd.edu.ar\/sitio\/wp-json\/wp\/v2\/posts"}],"about":[{"href":"https:\/\/enscarbo-cba.infd.edu.ar\/sitio\/wp-json\/wp\/v2\/types\/post"}],"author":[{"embeddable":true,"href":"https:\/\/enscarbo-cba.infd.edu.ar\/sitio\/wp-json\/wp\/v2\/users\/7"}],"replies":[{"embeddable":true,"href":"https:\/\/enscarbo-cba.infd.edu.ar\/sitio\/wp-json\/wp\/v2\/comments?post=1684"}],"version-history":[{"count":1,"href":"https:\/\/enscarbo-cba.infd.edu.ar\/sitio\/wp-json\/wp\/v2\/posts\/1684\/revisions"}],"predecessor-version":[{"id":1686,"href":"https:\/\/enscarbo-cba.infd.edu.ar\/sitio\/wp-json\/wp\/v2\/posts\/1684\/revisions\/1686"}],"wp:attachment":[{"href":"https:\/\/enscarbo-cba.infd.edu.ar\/sitio\/wp-json\/wp\/v2\/media?parent=1684"}],"wp:term":[{"taxonomy":"category","embeddable":true,"href":"https:\/\/enscarbo-cba.infd.edu.ar\/sitio\/wp-json\/wp\/v2\/categories?post=1684"},{"taxonomy":"post_tag","embeddable":true,"href":"https:\/\/enscarbo-cba.infd.edu.ar\/sitio\/wp-json\/wp\/v2\/tags?post=1684"}],"curies":[{"name":"wp","href":"https:\/\/api.w.org\/{rel}","templated":true}]}}