{"id":1768,"date":"2019-10-15T10:38:30","date_gmt":"2019-10-15T13:38:30","guid":{"rendered":"https:\/\/enscarbo-cba.infd.edu.ar\/sitio\/?p=1768"},"modified":"2019-10-15T10:38:30","modified_gmt":"2019-10-15T13:38:30","slug":"proyecto-buenos-aires-la-paris-de-sudamerica","status":"publish","type":"post","link":"https:\/\/enscarbo-cba.infd.edu.ar\/sitio\/proyecto-buenos-aires-la-paris-de-sudamerica\/","title":{"rendered":"Proyecto: \u00abBuenos Aires: La Par\u00eds de Sudam\u00e9rica\u00bb"},"content":{"rendered":"<p>Estimada comunidad:<\/p>\n<p>Los estudiantes de 4 a\u00f1o Sociales trabajaron en conjunto con los docentes de Patrimonio Cultural, las profesoras Liliana Cecchin y Liliana Arias del turno ma\u00f1ana y tarde. Compartimos las im\u00e1genes del viaje y sus actividades pedag\u00f3gicas.<\/p>\n<p>&nbsp;<\/p>\n<p><img decoding=\"async\" loading=\"lazy\" class=\"wp-image-1769 aligncenter\" src=\"https:\/\/enscarbo-cba.infd.edu.ar\/sitio\/wp-content\/uploads\/2019\/10\/WhatsApp-Image-2019-10-11-at-10.13.38-PM-1000x750.jpeg\" alt=\"\" width=\"572\" height=\"429\" srcset=\"https:\/\/enscarbo-cba.infd.edu.ar\/sitio\/wp-content\/uploads\/2019\/10\/WhatsApp-Image-2019-10-11-at-10.13.38-PM-1000x750.jpeg 1000w, https:\/\/enscarbo-cba.infd.edu.ar\/sitio\/wp-content\/uploads\/2019\/10\/WhatsApp-Image-2019-10-11-at-10.13.38-PM-768x576.jpeg 768w, https:\/\/enscarbo-cba.infd.edu.ar\/sitio\/wp-content\/uploads\/2019\/10\/WhatsApp-Image-2019-10-11-at-10.13.38-PM.jpeg 1280w\" sizes=\"(max-width: 572px) 100vw, 572px\" \/> <img decoding=\"async\" loading=\"lazy\" class=\"wp-image-1770 aligncenter\" src=\"https:\/\/enscarbo-cba.infd.edu.ar\/sitio\/wp-content\/uploads\/2019\/10\/WhatsApp-Image-2019-10-11-at-10.13.08-PM-1000x563.jpeg\" alt=\"\" width=\"718\" height=\"404\" srcset=\"https:\/\/enscarbo-cba.infd.edu.ar\/sitio\/wp-content\/uploads\/2019\/10\/WhatsApp-Image-2019-10-11-at-10.13.08-PM-1000x563.jpeg 1000w, https:\/\/enscarbo-cba.infd.edu.ar\/sitio\/wp-content\/uploads\/2019\/10\/WhatsApp-Image-2019-10-11-at-10.13.08-PM-768x432.jpeg 768w, https:\/\/enscarbo-cba.infd.edu.ar\/sitio\/wp-content\/uploads\/2019\/10\/WhatsApp-Image-2019-10-11-at-10.13.08-PM.jpeg 1280w\" sizes=\"(max-width: 718px) 100vw, 718px\" \/>\u00a0<img decoding=\"async\" loading=\"lazy\" class=\"wp-image-1771 aligncenter\" src=\"https:\/\/enscarbo-cba.infd.edu.ar\/sitio\/wp-content\/uploads\/2019\/10\/WhatsApp-Image-2019-10-11-at-10.12.52-PM-563x1000.jpeg\" alt=\"\" width=\"481\" height=\"854\" srcset=\"https:\/\/enscarbo-cba.infd.edu.ar\/sitio\/wp-content\/uploads\/2019\/10\/WhatsApp-Image-2019-10-11-at-10.12.52-PM-563x1000.jpeg 563w, https:\/\/enscarbo-cba.infd.edu.ar\/sitio\/wp-content\/uploads\/2019\/10\/WhatsApp-Image-2019-10-11-at-10.12.52-PM.jpeg 720w\" sizes=\"(max-width: 481px) 100vw, 481px\" \/> <img decoding=\"async\" loading=\"lazy\" class=\"wp-image-1772 aligncenter\" src=\"https:\/\/enscarbo-cba.infd.edu.ar\/sitio\/wp-content\/uploads\/2019\/10\/WhatsApp-Image-2019-10-11-at-10.12.34-PM-1000x563.jpeg\" alt=\"\" width=\"576\" height=\"324\" srcset=\"https:\/\/enscarbo-cba.infd.edu.ar\/sitio\/wp-content\/uploads\/2019\/10\/WhatsApp-Image-2019-10-11-at-10.12.34-PM-1000x563.jpeg 1000w, https:\/\/enscarbo-cba.infd.edu.ar\/sitio\/wp-content\/uploads\/2019\/10\/WhatsApp-Image-2019-10-11-at-10.12.34-PM-768x432.jpeg 768w, https:\/\/enscarbo-cba.infd.edu.ar\/sitio\/wp-content\/uploads\/2019\/10\/WhatsApp-Image-2019-10-11-at-10.12.34-PM.jpeg 1280w\" sizes=\"(max-width: 576px) 100vw, 576px\" \/><\/p>\n","protected":false},"excerpt":{"rendered":"<p>Estimada comunidad: Los estudiantes de 4 a\u00f1o Sociales trabajaron en conjunto con los docentes de Patrimonio Cultural, las profesoras Liliana Cecchin y Liliana Arias del turno ma\u00f1ana y tarde. Compartimos las im\u00e1genes del viaje y sus actividades pedag\u00f3gicas. &nbsp; \u00a0<\/p>\n","protected":false},"author":7,"featured_media":0,"comment_status":"open","ping_status":"open","sticky":false,"template":"","format":"standard","meta":[],"categories":[18,17,19],"tags":[],"acf":[],"_links":{"self":[{"href":"https:\/\/enscarbo-cba.infd.edu.ar\/sitio\/wp-json\/wp\/v2\/posts\/1768"}],"collection":[{"href":"https:\/\/enscarbo-cba.infd.edu.ar\/sitio\/wp-json\/wp\/v2\/posts"}],"about":[{"href":"https:\/\/enscarbo-cba.infd.edu.ar\/sitio\/wp-json\/wp\/v2\/types\/post"}],"author":[{"embeddable":true,"href":"https:\/\/enscarbo-cba.infd.edu.ar\/sitio\/wp-json\/wp\/v2\/users\/7"}],"replies":[{"embeddable":true,"href":"https:\/\/enscarbo-cba.infd.edu.ar\/sitio\/wp-json\/wp\/v2\/comments?post=1768"}],"version-history":[{"count":1,"href":"https:\/\/enscarbo-cba.infd.edu.ar\/sitio\/wp-json\/wp\/v2\/posts\/1768\/revisions"}],"predecessor-version":[{"id":1773,"href":"https:\/\/enscarbo-cba.infd.edu.ar\/sitio\/wp-json\/wp\/v2\/posts\/1768\/revisions\/1773"}],"wp:attachment":[{"href":"https:\/\/enscarbo-cba.infd.edu.ar\/sitio\/wp-json\/wp\/v2\/media?parent=1768"}],"wp:term":[{"taxonomy":"category","embeddable":true,"href":"https:\/\/enscarbo-cba.infd.edu.ar\/sitio\/wp-json\/wp\/v2\/categories?post=1768"},{"taxonomy":"post_tag","embeddable":true,"href":"https:\/\/enscarbo-cba.infd.edu.ar\/sitio\/wp-json\/wp\/v2\/tags?post=1768"}],"curies":[{"name":"wp","href":"https:\/\/api.w.org\/{rel}","templated":true}]}}