{"id":1807,"date":"2019-10-16T09:44:13","date_gmt":"2019-10-16T12:44:13","guid":{"rendered":"https:\/\/enscarbo-cba.infd.edu.ar\/sitio\/?p=1807"},"modified":"2019-10-16T09:44:13","modified_gmt":"2019-10-16T12:44:13","slug":"charla-de-fundacion-garra-adopcion-responsable-y-maltrato-animal","status":"publish","type":"post","link":"https:\/\/enscarbo-cba.infd.edu.ar\/sitio\/charla-de-fundacion-garra-adopcion-responsable-y-maltrato-animal\/","title":{"rendered":"Charla de Fundaci\u00f3n Garra: \u00abAdopci\u00f3n Responsable y Maltrato Animal\u00bb"},"content":{"rendered":"<p>Estimada comunidad:<\/p>\n<p>En el marco de las actividades programadas de la c\u00e1tedra Formaci\u00f3n para la vida y el trabajo a cargo de la Prof. Gladis Burgos de 4to B Naturales, nuestros estudiantes de 2do a\u00f1o A y B, 4tos, 5tos y 6tos Sociales de ambos turnos estuvieron invitados a participar del Proyecto de Intervenci\u00f3n Comunitaria y asistieron a la Charla coordinada por Fundaci\u00f3n Garra: \u00abAdopci\u00f3n Responsable y Maltrato Animal\u00bb.<\/p>\n<p><img decoding=\"async\" loading=\"lazy\" class=\"wp-image-1808 alignleft\" src=\"https:\/\/enscarbo-cba.infd.edu.ar\/sitio\/wp-content\/uploads\/2019\/10\/WhatsApp-Image-2019-10-15-at-9.53.28-PM-2-1000x600.jpeg\" alt=\"\" width=\"483\" height=\"290\" srcset=\"https:\/\/enscarbo-cba.infd.edu.ar\/sitio\/wp-content\/uploads\/2019\/10\/WhatsApp-Image-2019-10-15-at-9.53.28-PM-2-1000x600.jpeg 1000w, https:\/\/enscarbo-cba.infd.edu.ar\/sitio\/wp-content\/uploads\/2019\/10\/WhatsApp-Image-2019-10-15-at-9.53.28-PM-2-768x461.jpeg 768w, https:\/\/enscarbo-cba.infd.edu.ar\/sitio\/wp-content\/uploads\/2019\/10\/WhatsApp-Image-2019-10-15-at-9.53.28-PM-2.jpeg 1280w\" sizes=\"(max-width: 483px) 100vw, 483px\" \/> <img decoding=\"async\" loading=\"lazy\" class=\"wp-image-1809 alignright\" src=\"https:\/\/enscarbo-cba.infd.edu.ar\/sitio\/wp-content\/uploads\/2019\/10\/WhatsApp-Image-2019-10-15-at-9.53.28-PM-1-1000x600.jpeg\" alt=\"\" width=\"431\" height=\"259\" srcset=\"https:\/\/enscarbo-cba.infd.edu.ar\/sitio\/wp-content\/uploads\/2019\/10\/WhatsApp-Image-2019-10-15-at-9.53.28-PM-1-1000x600.jpeg 1000w, https:\/\/enscarbo-cba.infd.edu.ar\/sitio\/wp-content\/uploads\/2019\/10\/WhatsApp-Image-2019-10-15-at-9.53.28-PM-1-768x461.jpeg 768w, https:\/\/enscarbo-cba.infd.edu.ar\/sitio\/wp-content\/uploads\/2019\/10\/WhatsApp-Image-2019-10-15-at-9.53.28-PM-1.jpeg 1280w\" sizes=\"(max-width: 431px) 100vw, 431px\" \/> <img decoding=\"async\" loading=\"lazy\" class=\"size-medium wp-image-1810 aligncenter\" src=\"https:\/\/enscarbo-cba.infd.edu.ar\/sitio\/wp-content\/uploads\/2019\/10\/WhatsApp-Image-2019-10-15-at-9.53.28-PM-1000x600.jpeg\" alt=\"\" width=\"1000\" height=\"600\" srcset=\"https:\/\/enscarbo-cba.infd.edu.ar\/sitio\/wp-content\/uploads\/2019\/10\/WhatsApp-Image-2019-10-15-at-9.53.28-PM-1000x600.jpeg 1000w, https:\/\/enscarbo-cba.infd.edu.ar\/sitio\/wp-content\/uploads\/2019\/10\/WhatsApp-Image-2019-10-15-at-9.53.28-PM-768x461.jpeg 768w, https:\/\/enscarbo-cba.infd.edu.ar\/sitio\/wp-content\/uploads\/2019\/10\/WhatsApp-Image-2019-10-15-at-9.53.28-PM.jpeg 1280w\" sizes=\"(max-width: 1000px) 100vw, 1000px\" \/> <img decoding=\"async\" loading=\"lazy\" class=\"wp-image-1811 alignright\" src=\"https:\/\/enscarbo-cba.infd.edu.ar\/sitio\/wp-content\/uploads\/2019\/10\/WhatsApp-Image-2019-10-15-at-9.53.27-PM-1-1000x600.jpeg\" alt=\"\" width=\"423\" height=\"254\" srcset=\"https:\/\/enscarbo-cba.infd.edu.ar\/sitio\/wp-content\/uploads\/2019\/10\/WhatsApp-Image-2019-10-15-at-9.53.27-PM-1-1000x600.jpeg 1000w, https:\/\/enscarbo-cba.infd.edu.ar\/sitio\/wp-content\/uploads\/2019\/10\/WhatsApp-Image-2019-10-15-at-9.53.27-PM-1-768x461.jpeg 768w, https:\/\/enscarbo-cba.infd.edu.ar\/sitio\/wp-content\/uploads\/2019\/10\/WhatsApp-Image-2019-10-15-at-9.53.27-PM-1.jpeg 1280w\" sizes=\"(max-width: 423px) 100vw, 423px\" \/> <img decoding=\"async\" loading=\"lazy\" class=\"wp-image-1812 alignleft\" src=\"https:\/\/enscarbo-cba.infd.edu.ar\/sitio\/wp-content\/uploads\/2019\/10\/WhatsApp-Image-2019-10-15-at-9.53.27-PM-1000x600.jpeg\" alt=\"\" width=\"486\" height=\"292\" srcset=\"https:\/\/enscarbo-cba.infd.edu.ar\/sitio\/wp-content\/uploads\/2019\/10\/WhatsApp-Image-2019-10-15-at-9.53.27-PM-1000x600.jpeg 1000w, https:\/\/enscarbo-cba.infd.edu.ar\/sitio\/wp-content\/uploads\/2019\/10\/WhatsApp-Image-2019-10-15-at-9.53.27-PM-768x461.jpeg 768w, https:\/\/enscarbo-cba.infd.edu.ar\/sitio\/wp-content\/uploads\/2019\/10\/WhatsApp-Image-2019-10-15-at-9.53.27-PM.jpeg 1280w\" sizes=\"(max-width: 486px) 100vw, 486px\" \/> \u00a0<img decoding=\"async\" loading=\"lazy\" class=\"size-medium wp-image-1815 aligncenter\" src=\"https:\/\/enscarbo-cba.infd.edu.ar\/sitio\/wp-content\/uploads\/2019\/10\/WhatsApp-Image-2019-10-15-at-9.53.25-PM-2-1000x600.jpeg\" alt=\"\" width=\"1000\" height=\"600\" srcset=\"https:\/\/enscarbo-cba.infd.edu.ar\/sitio\/wp-content\/uploads\/2019\/10\/WhatsApp-Image-2019-10-15-at-9.53.25-PM-2-1000x600.jpeg 1000w, https:\/\/enscarbo-cba.infd.edu.ar\/sitio\/wp-content\/uploads\/2019\/10\/WhatsApp-Image-2019-10-15-at-9.53.25-PM-2-768x461.jpeg 768w, https:\/\/enscarbo-cba.infd.edu.ar\/sitio\/wp-content\/uploads\/2019\/10\/WhatsApp-Image-2019-10-15-at-9.53.25-PM-2.jpeg 1280w\" sizes=\"(max-width: 1000px) 100vw, 1000px\" \/> <img decoding=\"async\" loading=\"lazy\" class=\"size-medium wp-image-1816 aligncenter\" src=\"https:\/\/enscarbo-cba.infd.edu.ar\/sitio\/wp-content\/uploads\/2019\/10\/WhatsApp-Image-2019-10-15-at-9.53.25-PM-1-1000x600.jpeg\" alt=\"\" width=\"1000\" height=\"600\" srcset=\"https:\/\/enscarbo-cba.infd.edu.ar\/sitio\/wp-content\/uploads\/2019\/10\/WhatsApp-Image-2019-10-15-at-9.53.25-PM-1-1000x600.jpeg 1000w, https:\/\/enscarbo-cba.infd.edu.ar\/sitio\/wp-content\/uploads\/2019\/10\/WhatsApp-Image-2019-10-15-at-9.53.25-PM-1-768x461.jpeg 768w, https:\/\/enscarbo-cba.infd.edu.ar\/sitio\/wp-content\/uploads\/2019\/10\/WhatsApp-Image-2019-10-15-at-9.53.25-PM-1.jpeg 1280w\" sizes=\"(max-width: 1000px) 100vw, 1000px\" \/> <img decoding=\"async\" loading=\"lazy\" class=\"size-medium wp-image-1817 aligncenter\" src=\"https:\/\/enscarbo-cba.infd.edu.ar\/sitio\/wp-content\/uploads\/2019\/10\/WhatsApp-Image-2019-10-15-at-9.53.25-PM-1000x600.jpeg\" alt=\"\" width=\"1000\" height=\"600\" srcset=\"https:\/\/enscarbo-cba.infd.edu.ar\/sitio\/wp-content\/uploads\/2019\/10\/WhatsApp-Image-2019-10-15-at-9.53.25-PM-1000x600.jpeg 1000w, https:\/\/enscarbo-cba.infd.edu.ar\/sitio\/wp-content\/uploads\/2019\/10\/WhatsApp-Image-2019-10-15-at-9.53.25-PM-768x461.jpeg 768w, https:\/\/enscarbo-cba.infd.edu.ar\/sitio\/wp-content\/uploads\/2019\/10\/WhatsApp-Image-2019-10-15-at-9.53.25-PM.jpeg 1280w\" sizes=\"(max-width: 1000px) 100vw, 1000px\" \/><\/p>\n","protected":false},"excerpt":{"rendered":"<p>Estimada comunidad: En el marco de las actividades programadas de la c\u00e1tedra Formaci\u00f3n para la vida y el trabajo a cargo de la Prof. Gladis Burgos de 4to B Naturales, nuestros estudiantes de 2do a\u00f1o A y B, 4tos, 5tos y 6tos Sociales de ambos turnos estuvieron invitados a participar del Proyecto de Intervenci\u00f3n Comunitaria &#8230; <a title=\"Charla de Fundaci\u00f3n Garra: \u00abAdopci\u00f3n Responsable y Maltrato Animal\u00bb\" class=\"read-more\" href=\"https:\/\/enscarbo-cba.infd.edu.ar\/sitio\/charla-de-fundacion-garra-adopcion-responsable-y-maltrato-animal\/\" aria-label=\"More on Charla de Fundaci\u00f3n Garra: \u00abAdopci\u00f3n Responsable y Maltrato Animal\u00bb\">[+]<\/a><\/p>\n","protected":false},"author":7,"featured_media":0,"comment_status":"open","ping_status":"open","sticky":false,"template":"","format":"standard","meta":[],"categories":[18,17,19],"tags":[],"acf":[],"_links":{"self":[{"href":"https:\/\/enscarbo-cba.infd.edu.ar\/sitio\/wp-json\/wp\/v2\/posts\/1807"}],"collection":[{"href":"https:\/\/enscarbo-cba.infd.edu.ar\/sitio\/wp-json\/wp\/v2\/posts"}],"about":[{"href":"https:\/\/enscarbo-cba.infd.edu.ar\/sitio\/wp-json\/wp\/v2\/types\/post"}],"author":[{"embeddable":true,"href":"https:\/\/enscarbo-cba.infd.edu.ar\/sitio\/wp-json\/wp\/v2\/users\/7"}],"replies":[{"embeddable":true,"href":"https:\/\/enscarbo-cba.infd.edu.ar\/sitio\/wp-json\/wp\/v2\/comments?post=1807"}],"version-history":[{"count":1,"href":"https:\/\/enscarbo-cba.infd.edu.ar\/sitio\/wp-json\/wp\/v2\/posts\/1807\/revisions"}],"predecessor-version":[{"id":1818,"href":"https:\/\/enscarbo-cba.infd.edu.ar\/sitio\/wp-json\/wp\/v2\/posts\/1807\/revisions\/1818"}],"wp:attachment":[{"href":"https:\/\/enscarbo-cba.infd.edu.ar\/sitio\/wp-json\/wp\/v2\/media?parent=1807"}],"wp:term":[{"taxonomy":"category","embeddable":true,"href":"https:\/\/enscarbo-cba.infd.edu.ar\/sitio\/wp-json\/wp\/v2\/categories?post=1807"},{"taxonomy":"post_tag","embeddable":true,"href":"https:\/\/enscarbo-cba.infd.edu.ar\/sitio\/wp-json\/wp\/v2\/tags?post=1807"}],"curies":[{"name":"wp","href":"https:\/\/api.w.org\/{rel}","templated":true}]}}