{"id":1820,"date":"2019-10-28T13:30:15","date_gmt":"2019-10-28T16:30:15","guid":{"rendered":"https:\/\/enscarbo-cba.infd.edu.ar\/sitio\/?p=1820"},"modified":"2019-10-28T13:30:15","modified_gmt":"2019-10-28T16:30:15","slug":"2-encuentro-de-ddhh-participacion-del-foro-de-jovenes-organizado-por-la-defensoria-de-la-nina-nino-y-adolescente","status":"publish","type":"post","link":"https:\/\/enscarbo-cba.infd.edu.ar\/sitio\/2-encuentro-de-ddhh-participacion-del-foro-de-jovenes-organizado-por-la-defensoria-de-la-nina-nino-y-adolescente\/","title":{"rendered":"2\u00b0 Encuentro de DDHH Participaci\u00f3n del Foro de J\u00f3venes, organizado por la Defensor\u00eda de la Ni\u00f1a, Ni\u00f1o y Adolescente."},"content":{"rendered":"<p>Estimada Comunidad:<\/p>\n<p>El d\u00eda jueves 24 de octubre participaron nuestros estudiantes de 4\u00b0 B Naturales y Sociales y 4\u00b0A Lenguas Y 6\u00b0 A Naturales de turno ma\u00f1ana y 5\u00b0 A Sociales turno tarde del\u00a02\u00b0 Encuentro de DDHH Participaci\u00f3n del Foro de J\u00f3venes, organizado por la Defensor\u00eda de la Ni\u00f1a, Ni\u00f1o y Adolescente.<\/p>\n<p>Acompa\u00f1aron los Profesores: Sonia Mayoral, Gladis Burgos y Luc\u00eda Sequeira<\/p>\n<p><img decoding=\"async\" loading=\"lazy\" class=\"alignnone size-medium wp-image-1821\" src=\"https:\/\/enscarbo-cba.infd.edu.ar\/sitio\/wp-content\/uploads\/2019\/10\/IMG-20191025-WA0001-1000x750.jpg\" alt=\"\" width=\"1000\" height=\"750\" srcset=\"https:\/\/enscarbo-cba.infd.edu.ar\/sitio\/wp-content\/uploads\/2019\/10\/IMG-20191025-WA0001-1000x750.jpg 1000w, https:\/\/enscarbo-cba.infd.edu.ar\/sitio\/wp-content\/uploads\/2019\/10\/IMG-20191025-WA0001-768x576.jpg 768w, https:\/\/enscarbo-cba.infd.edu.ar\/sitio\/wp-content\/uploads\/2019\/10\/IMG-20191025-WA0001.jpg 1032w\" sizes=\"(max-width: 1000px) 100vw, 1000px\" \/> <img decoding=\"async\" loading=\"lazy\" class=\"alignnone size-medium wp-image-1822\" src=\"https:\/\/enscarbo-cba.infd.edu.ar\/sitio\/wp-content\/uploads\/2019\/10\/IMG-20191025-WA0000-1000x750.jpg\" alt=\"\" width=\"1000\" height=\"750\" srcset=\"https:\/\/enscarbo-cba.infd.edu.ar\/sitio\/wp-content\/uploads\/2019\/10\/IMG-20191025-WA0000-1000x750.jpg 1000w, https:\/\/enscarbo-cba.infd.edu.ar\/sitio\/wp-content\/uploads\/2019\/10\/IMG-20191025-WA0000-768x576.jpg 768w, https:\/\/enscarbo-cba.infd.edu.ar\/sitio\/wp-content\/uploads\/2019\/10\/IMG-20191025-WA0000.jpg 1032w\" sizes=\"(max-width: 1000px) 100vw, 1000px\" \/> <img decoding=\"async\" loading=\"lazy\" class=\"alignnone size-medium wp-image-1823\" src=\"https:\/\/enscarbo-cba.infd.edu.ar\/sitio\/wp-content\/uploads\/2019\/10\/IMG-20191025-WA0003-750x1000.jpg\" alt=\"\" width=\"750\" height=\"1000\" srcset=\"https:\/\/enscarbo-cba.infd.edu.ar\/sitio\/wp-content\/uploads\/2019\/10\/IMG-20191025-WA0003-750x1000.jpg 750w, https:\/\/enscarbo-cba.infd.edu.ar\/sitio\/wp-content\/uploads\/2019\/10\/IMG-20191025-WA0003-768x1024.jpg 768w, https:\/\/enscarbo-cba.infd.edu.ar\/sitio\/wp-content\/uploads\/2019\/10\/IMG-20191025-WA0003.jpg 960w\" sizes=\"(max-width: 750px) 100vw, 750px\" \/>\u00a0<img decoding=\"async\" loading=\"lazy\" class=\"alignnone size-medium wp-image-1824\" src=\"https:\/\/enscarbo-cba.infd.edu.ar\/sitio\/wp-content\/uploads\/2019\/10\/IMG-20191028-WA0001-1000x750.jpg\" alt=\"\" width=\"1000\" height=\"750\" srcset=\"https:\/\/enscarbo-cba.infd.edu.ar\/sitio\/wp-content\/uploads\/2019\/10\/IMG-20191028-WA0001-1000x750.jpg 1000w, https:\/\/enscarbo-cba.infd.edu.ar\/sitio\/wp-content\/uploads\/2019\/10\/IMG-20191028-WA0001-768x576.jpg 768w, https:\/\/enscarbo-cba.infd.edu.ar\/sitio\/wp-content\/uploads\/2019\/10\/IMG-20191028-WA0001.jpg 1280w\" sizes=\"(max-width: 1000px) 100vw, 1000px\" \/><\/p>\n<p>&nbsp;<\/p>\n<p>&nbsp;<\/p>\n<p>&nbsp;<\/p>\n","protected":false},"excerpt":{"rendered":"<p>Estimada Comunidad: El d\u00eda jueves 24 de octubre participaron nuestros estudiantes de 4\u00b0 B Naturales y Sociales y 4\u00b0A Lenguas Y 6\u00b0 A Naturales de turno ma\u00f1ana y 5\u00b0 A Sociales turno tarde del\u00a02\u00b0 Encuentro de DDHH Participaci\u00f3n del Foro de J\u00f3venes, organizado por la Defensor\u00eda de la Ni\u00f1a, Ni\u00f1o y Adolescente. Acompa\u00f1aron los Profesores: &#8230; <a title=\"2\u00b0 Encuentro de DDHH Participaci\u00f3n del Foro de J\u00f3venes, organizado por la Defensor\u00eda de la Ni\u00f1a, Ni\u00f1o y Adolescente.\" class=\"read-more\" href=\"https:\/\/enscarbo-cba.infd.edu.ar\/sitio\/2-encuentro-de-ddhh-participacion-del-foro-de-jovenes-organizado-por-la-defensoria-de-la-nina-nino-y-adolescente\/\" aria-label=\"More on 2\u00b0 Encuentro de DDHH Participaci\u00f3n del Foro de J\u00f3venes, organizado por la Defensor\u00eda de la Ni\u00f1a, Ni\u00f1o y Adolescente.\">[+]<\/a><\/p>\n","protected":false},"author":7,"featured_media":0,"comment_status":"open","ping_status":"open","sticky":false,"template":"","format":"standard","meta":[],"categories":[18,17,19],"tags":[],"acf":[],"_links":{"self":[{"href":"https:\/\/enscarbo-cba.infd.edu.ar\/sitio\/wp-json\/wp\/v2\/posts\/1820"}],"collection":[{"href":"https:\/\/enscarbo-cba.infd.edu.ar\/sitio\/wp-json\/wp\/v2\/posts"}],"about":[{"href":"https:\/\/enscarbo-cba.infd.edu.ar\/sitio\/wp-json\/wp\/v2\/types\/post"}],"author":[{"embeddable":true,"href":"https:\/\/enscarbo-cba.infd.edu.ar\/sitio\/wp-json\/wp\/v2\/users\/7"}],"replies":[{"embeddable":true,"href":"https:\/\/enscarbo-cba.infd.edu.ar\/sitio\/wp-json\/wp\/v2\/comments?post=1820"}],"version-history":[{"count":1,"href":"https:\/\/enscarbo-cba.infd.edu.ar\/sitio\/wp-json\/wp\/v2\/posts\/1820\/revisions"}],"predecessor-version":[{"id":1825,"href":"https:\/\/enscarbo-cba.infd.edu.ar\/sitio\/wp-json\/wp\/v2\/posts\/1820\/revisions\/1825"}],"wp:attachment":[{"href":"https:\/\/enscarbo-cba.infd.edu.ar\/sitio\/wp-json\/wp\/v2\/media?parent=1820"}],"wp:term":[{"taxonomy":"category","embeddable":true,"href":"https:\/\/enscarbo-cba.infd.edu.ar\/sitio\/wp-json\/wp\/v2\/categories?post=1820"},{"taxonomy":"post_tag","embeddable":true,"href":"https:\/\/enscarbo-cba.infd.edu.ar\/sitio\/wp-json\/wp\/v2\/tags?post=1820"}],"curies":[{"name":"wp","href":"https:\/\/api.w.org\/{rel}","templated":true}]}}