{"id":1868,"date":"2019-11-08T10:16:16","date_gmt":"2019-11-08T13:16:16","guid":{"rendered":"https:\/\/enscarbo-cba.infd.edu.ar\/sitio\/?p=1868"},"modified":"2019-11-08T10:16:16","modified_gmt":"2019-11-08T13:16:16","slug":"sembrando-tour-para-leer-y-narrar-cuentos-en-las-escuelas","status":"publish","type":"post","link":"https:\/\/enscarbo-cba.infd.edu.ar\/sitio\/sembrando-tour-para-leer-y-narrar-cuentos-en-las-escuelas\/","title":{"rendered":"\u201c Sembrando Tour para leer y narrar cuentos en las escuelas\u201d"},"content":{"rendered":"<div id=\"div_datos_adicionales\" class=\"well clearfix\">\n<div id=\"datos_laborales_adic\" class=\"toggle-div\">\n<div class=\"clearfix cg-margen\">\n<div id=\"div_datos_adicionales\" class=\"well clearfix\">\n<div id=\"datos_laborales_adic\" class=\"toggle-div\">\n<div class=\"clearfix cg-margen\">\n<p style=\"font-weight: 400;\"><strong><u>Proyecto:<\/u><\/strong><strong>\u00a0Visita del grupo de profesores \u201c Sembrando Tour para leer y narrar cuentos en las escuelas<em>\u201d<\/em><\/strong><\/p>\n<p style=\"font-weight: 400;\"><strong><u>Materia<\/u><\/strong>: Lengua y Literatura<\/p>\n<p style=\"font-weight: 400;\"><strong><u>Actividad:<\/u><\/strong><strong>\u00a0<\/strong>Lectura y narraci\u00f3n de los siguientes cuentos: Preciosaurio (Silvia Schujer), el \u00e1rbol de\u00a0\u00a0lilas (Maria Teresa Andruetto) y El globo azul (Julia Rossi).El coordinador\u00a0Rub\u00e9n L\u00f3pez narr\u00f3 historia propias representada con Origami. Se finaliz\u00f3 con una merienda compartida.<\/p>\n<p style=\"font-weight: 400;\"><strong><u>Profesora:<\/u><\/strong>\u00a0Sonia Fernanda Mayoral<\/p>\n<p style=\"font-weight: 400;\"><strong><u>Participaron:<\/u><\/strong>\u00a01\u00b0 a\u00f1o E<\/p>\n<p style=\"font-weight: 400;\"><strong><u>Invitados:<\/u><\/strong>\u00a0Claudia Yorio (Escuela Roma), Luis Aguilar (Ipem 270), Marta Fabiana Vaudagna (Escuela Jos\u00e9 Mar\u00eda Paz de Estaci\u00f3n General Paz) coordinados por el narrador Rub\u00e9n L\u00f3pez del Plan Provincial de Lectura<\/p>\n<p style=\"font-weight: 400;\"><strong><u>D\u00eda:<\/u><\/strong><strong>\u00a0<\/strong>28-11-19<\/p>\n<p style=\"font-weight: 400;\"><strong><u>Hora:<\/u><\/strong><strong>\u00a0<\/strong>13.50 a 15.20 hs<\/p>\n<p style=\"font-weight: 400;\"><strong><u>Hora:<\/u><\/strong><strong>\u00a0<\/strong>13.50 a 15.20 hs<\/p>\n<\/div>\n<\/div>\n<\/div>\n<div class=\"controls controls-row form-head clearfix\">\n<div class=\"borde-superior\"><\/div>\n<\/div>\n<p style=\"font-weight: 400;\"><strong><u><img decoding=\"async\" loading=\"lazy\" class=\"size-medium wp-image-1869 aligncenter\" src=\"https:\/\/enscarbo-cba.infd.edu.ar\/sitio\/wp-content\/uploads\/2019\/11\/IMG-20191102-WA0029-1000x563.jpg\" alt=\"\" width=\"1000\" height=\"563\" srcset=\"https:\/\/enscarbo-cba.infd.edu.ar\/sitio\/wp-content\/uploads\/2019\/11\/IMG-20191102-WA0029-1000x563.jpg 1000w, https:\/\/enscarbo-cba.infd.edu.ar\/sitio\/wp-content\/uploads\/2019\/11\/IMG-20191102-WA0029-768x432.jpg 768w, https:\/\/enscarbo-cba.infd.edu.ar\/sitio\/wp-content\/uploads\/2019\/11\/IMG-20191102-WA0029.jpg 1280w\" sizes=\"(max-width: 1000px) 100vw, 1000px\" \/> <img decoding=\"async\" loading=\"lazy\" class=\"alignnone size-medium wp-image-1870\" src=\"https:\/\/enscarbo-cba.infd.edu.ar\/sitio\/wp-content\/uploads\/2019\/11\/IMG-20191102-WA0025-1000x563.jpg\" alt=\"\" width=\"1000\" height=\"563\" srcset=\"https:\/\/enscarbo-cba.infd.edu.ar\/sitio\/wp-content\/uploads\/2019\/11\/IMG-20191102-WA0025-1000x563.jpg 1000w, https:\/\/enscarbo-cba.infd.edu.ar\/sitio\/wp-content\/uploads\/2019\/11\/IMG-20191102-WA0025-768x432.jpg 768w, https:\/\/enscarbo-cba.infd.edu.ar\/sitio\/wp-content\/uploads\/2019\/11\/IMG-20191102-WA0025.jpg 1280w\" sizes=\"(max-width: 1000px) 100vw, 1000px\" \/> <img decoding=\"async\" loading=\"lazy\" class=\"alignnone size-medium wp-image-1871\" src=\"https:\/\/enscarbo-cba.infd.edu.ar\/sitio\/wp-content\/uploads\/2019\/11\/IMG-20191102-WA00181-1000x750.jpg\" alt=\"\" width=\"1000\" height=\"750\" srcset=\"https:\/\/enscarbo-cba.infd.edu.ar\/sitio\/wp-content\/uploads\/2019\/11\/IMG-20191102-WA00181-1000x750.jpg 1000w, https:\/\/enscarbo-cba.infd.edu.ar\/sitio\/wp-content\/uploads\/2019\/11\/IMG-20191102-WA00181-768x576.jpg 768w, https:\/\/enscarbo-cba.infd.edu.ar\/sitio\/wp-content\/uploads\/2019\/11\/IMG-20191102-WA00181.jpg 1280w\" sizes=\"(max-width: 1000px) 100vw, 1000px\" \/> <img decoding=\"async\" loading=\"lazy\" class=\"size-medium wp-image-1872 aligncenter\" src=\"https:\/\/enscarbo-cba.infd.edu.ar\/sitio\/wp-content\/uploads\/2019\/11\/IMG-20191102-WA0019-1000x563.jpg\" alt=\"\" width=\"1000\" height=\"563\" srcset=\"https:\/\/enscarbo-cba.infd.edu.ar\/sitio\/wp-content\/uploads\/2019\/11\/IMG-20191102-WA0019-1000x563.jpg 1000w, https:\/\/enscarbo-cba.infd.edu.ar\/sitio\/wp-content\/uploads\/2019\/11\/IMG-20191102-WA0019-768x432.jpg 768w, https:\/\/enscarbo-cba.infd.edu.ar\/sitio\/wp-content\/uploads\/2019\/11\/IMG-20191102-WA0019.jpg 1280w\" sizes=\"(max-width: 1000px) 100vw, 1000px\" \/> <img decoding=\"async\" loading=\"lazy\" class=\"alignnone size-medium wp-image-1873\" src=\"https:\/\/enscarbo-cba.infd.edu.ar\/sitio\/wp-content\/uploads\/2019\/11\/IMG-20191102-WA0023-1000x750.jpg\" alt=\"\" width=\"1000\" height=\"750\" srcset=\"https:\/\/enscarbo-cba.infd.edu.ar\/sitio\/wp-content\/uploads\/2019\/11\/IMG-20191102-WA0023-1000x750.jpg 1000w, https:\/\/enscarbo-cba.infd.edu.ar\/sitio\/wp-content\/uploads\/2019\/11\/IMG-20191102-WA0023-768x576.jpg 768w, https:\/\/enscarbo-cba.infd.edu.ar\/sitio\/wp-content\/uploads\/2019\/11\/IMG-20191102-WA0023.jpg 1280w\" sizes=\"(max-width: 1000px) 100vw, 1000px\" \/><\/u><\/strong><\/p>\n<\/div>\n<\/div>\n<\/div>\n","protected":false},"excerpt":{"rendered":"<p>Proyecto:\u00a0Visita del grupo de profesores \u201c Sembrando Tour para leer y narrar cuentos en las escuelas\u201d Materia: Lengua y Literatura Actividad:\u00a0Lectura y narraci\u00f3n de los siguientes cuentos: Preciosaurio (Silvia Schujer), el \u00e1rbol de\u00a0\u00a0lilas (Maria Teresa Andruetto) y El globo azul (Julia Rossi).El coordinador\u00a0Rub\u00e9n L\u00f3pez narr\u00f3 historia propias representada con Origami. Se finaliz\u00f3 con una merienda &#8230; <a title=\"\u201c Sembrando Tour para leer y narrar cuentos en las escuelas\u201d\" class=\"read-more\" href=\"https:\/\/enscarbo-cba.infd.edu.ar\/sitio\/sembrando-tour-para-leer-y-narrar-cuentos-en-las-escuelas\/\" aria-label=\"More on \u201c Sembrando Tour para leer y narrar cuentos en las escuelas\u201d\">[+]<\/a><\/p>\n","protected":false},"author":7,"featured_media":0,"comment_status":"open","ping_status":"open","sticky":false,"template":"","format":"standard","meta":[],"categories":[18,17,19],"tags":[],"acf":[],"_links":{"self":[{"href":"https:\/\/enscarbo-cba.infd.edu.ar\/sitio\/wp-json\/wp\/v2\/posts\/1868"}],"collection":[{"href":"https:\/\/enscarbo-cba.infd.edu.ar\/sitio\/wp-json\/wp\/v2\/posts"}],"about":[{"href":"https:\/\/enscarbo-cba.infd.edu.ar\/sitio\/wp-json\/wp\/v2\/types\/post"}],"author":[{"embeddable":true,"href":"https:\/\/enscarbo-cba.infd.edu.ar\/sitio\/wp-json\/wp\/v2\/users\/7"}],"replies":[{"embeddable":true,"href":"https:\/\/enscarbo-cba.infd.edu.ar\/sitio\/wp-json\/wp\/v2\/comments?post=1868"}],"version-history":[{"count":1,"href":"https:\/\/enscarbo-cba.infd.edu.ar\/sitio\/wp-json\/wp\/v2\/posts\/1868\/revisions"}],"predecessor-version":[{"id":1874,"href":"https:\/\/enscarbo-cba.infd.edu.ar\/sitio\/wp-json\/wp\/v2\/posts\/1868\/revisions\/1874"}],"wp:attachment":[{"href":"https:\/\/enscarbo-cba.infd.edu.ar\/sitio\/wp-json\/wp\/v2\/media?parent=1868"}],"wp:term":[{"taxonomy":"category","embeddable":true,"href":"https:\/\/enscarbo-cba.infd.edu.ar\/sitio\/wp-json\/wp\/v2\/categories?post=1868"},{"taxonomy":"post_tag","embeddable":true,"href":"https:\/\/enscarbo-cba.infd.edu.ar\/sitio\/wp-json\/wp\/v2\/tags?post=1868"}],"curies":[{"name":"wp","href":"https:\/\/api.w.org\/{rel}","templated":true}]}}