{"id":1884,"date":"2019-11-12T00:00:19","date_gmt":"2019-11-12T03:00:19","guid":{"rendered":"https:\/\/enscarbo-cba.infd.edu.ar\/sitio\/?p=1884"},"modified":"2019-11-12T00:00:19","modified_gmt":"2019-11-12T03:00:19","slug":"proyecto-participacion-del-ensac-en-pre-congreso-mundial-hacia-el-ix-congreso-mundial-de-los-derecho-de-la-infancia-y-la-adolescencia","status":"publish","type":"post","link":"https:\/\/enscarbo-cba.infd.edu.ar\/sitio\/proyecto-participacion-del-ensac-en-pre-congreso-mundial-hacia-el-ix-congreso-mundial-de-los-derecho-de-la-infancia-y-la-adolescencia\/","title":{"rendered":"Proyecto:\u00a0Participaci\u00f3n del ENSAC en Pre Congreso Mundial\u00a0\u201cHacia el IX Congreso Mundial de los\u00a0\u00a0Derecho\u00a0\u00a0de la\u00a0\u00a0Infancia y la Adolescencia"},"content":{"rendered":"<p style=\"font-weight: 400;\">\n<p style=\"font-weight: 400;\"><b><u>Estimada Comunidad:<\/u><\/b><\/p>\n<p style=\"font-weight: 400;\"><span style=\"font-weight: 400;\">\u00a0 \u00a0 \u00a0 \u00a0 \u00a0 \u00a0 \u00a0 \u00a0 \u00a0 \u00a0 \u00a0 \u00a0 \u00a0 \u00a0 \u00a0 \u00a0 \u00a0 \u00a0 \u00a0 \u00a0 \u00a0 \u00a0 \u00a0 \u00a0 \u00a0 \u00a0 En el marco de la invitaci\u00f3n realizada por la\u00a0<em>Defensor\u00eda del Ni\u00f1o, ni\u00f1a y Adolescente\u00a0<\/em>de la\u00a0\u00a0Provincia de C\u00f3rdoba,\u00a0\u00a0a los alumnos de la instituci\u00f3n para participar en el Foro de J\u00f3venes\u00a0efectuados en un primer y segundo encuentro de la REDPA (Red permanente de adolescentes) posteriormente dos estudiantes viajaron al Pre Congreso Mundial en la ciudad de R\u00edo Cuarto\u00a0\u00a0representando al ENSAC con el objeto\u00a0\u00a0exponer sobre las actividades realizadas en los encuentros antes mencionados.<\/span><\/p>\n<p style=\"font-weight: 400;\"><strong><u>Profesores:<\/u><\/strong><strong>\u00a0<\/strong>Gladis Burgos, Sonia Mayoral y Luc\u00eda Sequeira<\/p>\n<p style=\"font-weight: 400;\"><strong><u>Participan:<\/u><\/strong>\u00a0Guti\u00e9rrez, Camila 4\u00b0 a\u00f1o Naturales y Castro, Triana 5\u00b0 A Sociales<\/p>\n<p style=\"font-weight: 400;\"><strong><u>D\u00eda:<\/u><\/strong><strong>\u00a005-11-19<\/strong><\/p>\n<p>&nbsp;<\/p>\n<p><img decoding=\"async\" loading=\"lazy\" class=\"size-medium wp-image-1888 aligncenter\" src=\"https:\/\/enscarbo-cba.infd.edu.ar\/sitio\/wp-content\/uploads\/2019\/11\/IMG-20191105-WA0004-1000x750.jpg\" alt=\"\" width=\"1000\" height=\"750\" srcset=\"https:\/\/enscarbo-cba.infd.edu.ar\/sitio\/wp-content\/uploads\/2019\/11\/IMG-20191105-WA0004-1000x750.jpg 1000w, https:\/\/enscarbo-cba.infd.edu.ar\/sitio\/wp-content\/uploads\/2019\/11\/IMG-20191105-WA0004-768x576.jpg 768w, https:\/\/enscarbo-cba.infd.edu.ar\/sitio\/wp-content\/uploads\/2019\/11\/IMG-20191105-WA0004.jpg 1280w\" sizes=\"(max-width: 1000px) 100vw, 1000px\" \/><\/p>\n<p><img decoding=\"async\" loading=\"lazy\" class=\"size-full wp-image-1887 aligncenter\" src=\"https:\/\/enscarbo-cba.infd.edu.ar\/sitio\/wp-content\/uploads\/2019\/11\/IMG-20191105-WA0018.jpg\" alt=\"\" width=\"480\" height=\"720\" \/><\/p>\n<p><img decoding=\"async\" loading=\"lazy\" class=\"size-medium wp-image-1886 aligncenter\" src=\"https:\/\/enscarbo-cba.infd.edu.ar\/sitio\/wp-content\/uploads\/2019\/11\/IMG-20191105-WA0007-750x1000.jpg\" alt=\"\" width=\"750\" height=\"1000\" srcset=\"https:\/\/enscarbo-cba.infd.edu.ar\/sitio\/wp-content\/uploads\/2019\/11\/IMG-20191105-WA0007-750x1000.jpg 750w, https:\/\/enscarbo-cba.infd.edu.ar\/sitio\/wp-content\/uploads\/2019\/11\/IMG-20191105-WA0007-768x1024.jpg 768w, https:\/\/enscarbo-cba.infd.edu.ar\/sitio\/wp-content\/uploads\/2019\/11\/IMG-20191105-WA0007.jpg 960w\" sizes=\"(max-width: 750px) 100vw, 750px\" \/><\/p>\n<p><img decoding=\"async\" loading=\"lazy\" class=\"size-medium wp-image-1885 aligncenter\" src=\"https:\/\/enscarbo-cba.infd.edu.ar\/sitio\/wp-content\/uploads\/2019\/11\/IMG-20191105-WA0012-1000x750.jpg\" alt=\"\" width=\"1000\" height=\"750\" srcset=\"https:\/\/enscarbo-cba.infd.edu.ar\/sitio\/wp-content\/uploads\/2019\/11\/IMG-20191105-WA0012-1000x750.jpg 1000w, https:\/\/enscarbo-cba.infd.edu.ar\/sitio\/wp-content\/uploads\/2019\/11\/IMG-20191105-WA0012-768x576.jpg 768w, https:\/\/enscarbo-cba.infd.edu.ar\/sitio\/wp-content\/uploads\/2019\/11\/IMG-20191105-WA0012.jpg 1032w\" sizes=\"(max-width: 1000px) 100vw, 1000px\" \/><\/p>\n","protected":false},"excerpt":{"rendered":"<p>Estimada Comunidad: \u00a0 \u00a0 \u00a0 \u00a0 \u00a0 \u00a0 \u00a0 \u00a0 \u00a0 \u00a0 \u00a0 \u00a0 \u00a0 \u00a0 \u00a0 \u00a0 \u00a0 \u00a0 \u00a0 \u00a0 \u00a0 \u00a0 \u00a0 \u00a0 \u00a0 \u00a0 En el marco de la invitaci\u00f3n realizada por la\u00a0Defensor\u00eda del Ni\u00f1o, ni\u00f1a y Adolescente\u00a0de la\u00a0\u00a0Provincia de C\u00f3rdoba,\u00a0\u00a0a los alumnos de la instituci\u00f3n para participar en el Foro &#8230; <a title=\"Proyecto:\u00a0Participaci\u00f3n del ENSAC en Pre Congreso Mundial\u00a0\u201cHacia el IX Congreso Mundial de los\u00a0\u00a0Derecho\u00a0\u00a0de la\u00a0\u00a0Infancia y la Adolescencia\" class=\"read-more\" href=\"https:\/\/enscarbo-cba.infd.edu.ar\/sitio\/proyecto-participacion-del-ensac-en-pre-congreso-mundial-hacia-el-ix-congreso-mundial-de-los-derecho-de-la-infancia-y-la-adolescencia\/\" aria-label=\"More on Proyecto:\u00a0Participaci\u00f3n del ENSAC en Pre Congreso Mundial\u00a0\u201cHacia el IX Congreso Mundial de los\u00a0\u00a0Derecho\u00a0\u00a0de la\u00a0\u00a0Infancia y la Adolescencia\">[+]<\/a><\/p>\n","protected":false},"author":7,"featured_media":0,"comment_status":"open","ping_status":"open","sticky":false,"template":"","format":"standard","meta":[],"categories":[18,17,19],"tags":[],"acf":[],"_links":{"self":[{"href":"https:\/\/enscarbo-cba.infd.edu.ar\/sitio\/wp-json\/wp\/v2\/posts\/1884"}],"collection":[{"href":"https:\/\/enscarbo-cba.infd.edu.ar\/sitio\/wp-json\/wp\/v2\/posts"}],"about":[{"href":"https:\/\/enscarbo-cba.infd.edu.ar\/sitio\/wp-json\/wp\/v2\/types\/post"}],"author":[{"embeddable":true,"href":"https:\/\/enscarbo-cba.infd.edu.ar\/sitio\/wp-json\/wp\/v2\/users\/7"}],"replies":[{"embeddable":true,"href":"https:\/\/enscarbo-cba.infd.edu.ar\/sitio\/wp-json\/wp\/v2\/comments?post=1884"}],"version-history":[{"count":1,"href":"https:\/\/enscarbo-cba.infd.edu.ar\/sitio\/wp-json\/wp\/v2\/posts\/1884\/revisions"}],"predecessor-version":[{"id":1889,"href":"https:\/\/enscarbo-cba.infd.edu.ar\/sitio\/wp-json\/wp\/v2\/posts\/1884\/revisions\/1889"}],"wp:attachment":[{"href":"https:\/\/enscarbo-cba.infd.edu.ar\/sitio\/wp-json\/wp\/v2\/media?parent=1884"}],"wp:term":[{"taxonomy":"category","embeddable":true,"href":"https:\/\/enscarbo-cba.infd.edu.ar\/sitio\/wp-json\/wp\/v2\/categories?post=1884"},{"taxonomy":"post_tag","embeddable":true,"href":"https:\/\/enscarbo-cba.infd.edu.ar\/sitio\/wp-json\/wp\/v2\/tags?post=1884"}],"curies":[{"name":"wp","href":"https:\/\/api.w.org\/{rel}","templated":true}]}}