{"id":1890,"date":"2019-11-12T00:05:54","date_gmt":"2019-11-12T03:05:54","guid":{"rendered":"https:\/\/enscarbo-cba.infd.edu.ar\/sitio\/?p=1890"},"modified":"2019-11-12T00:05:54","modified_gmt":"2019-11-12T03:05:54","slug":"3-encuentro-del-proyecto-participacion-republicana","status":"publish","type":"post","link":"https:\/\/enscarbo-cba.infd.edu.ar\/sitio\/3-encuentro-del-proyecto-participacion-republicana\/","title":{"rendered":"3\u00b0 Encuentro\u00a0del\u00a0\u00a0Proyecto \u201cParticipaci\u00f3n Republicana\u201d\u00a0"},"content":{"rendered":"<p style=\"font-weight: 400;\"><strong>Estimada Comunidad:<\/strong><\/p>\n<p style=\"font-weight: 400;\">\u00a0 \u00a0 \u00a0 \u00a0 \u00a0 \u00a0 \u00a0 \u00a0 \u00a0 \u00a0 \u00a0 \u00a0 \u00a0 \u00a0 \u00a0 \u00a0 \u00a0 \u00a0 \u00a0 \u00a0 \u00a0 \u00a0 \u00a0 \u00a0 \u00a0Compartimos con Uds. la s\u00edntesis e im\u00e1genes del 3\u00b0 Encuentro del Proyecto \u00abParticipaci\u00f3n Ciudadana\u00bb<\/p>\n<p style=\"font-weight: 400;\"><strong>Salida Did\u00e1ctica:\u00a0<\/strong>Tribunales Administrativos Municipales de Faltas<\/p>\n<p style=\"font-weight: 400;\"><strong>D\u00eda:<\/strong>\u00a07-11-19<\/p>\n<p style=\"font-weight: 400;\"><strong>Alumnos:<\/strong>\u00a04\u00b0 B Sociales y 6\u00b0 A Naturales Turno Ma\u00f1ana<\/p>\n<p style=\"font-weight: 400;\"><strong>Actividad:<\/strong>\u00a0En el marco de las actividades pedag\u00f3gicas previstas en\u00a0\u00a0la asignatura \u201cFormaci\u00f3n para Vida\u00a0\u00a0y el Trabajo\u201d de 4\u00b0 a\u00f1o\u00a0\u00a0y con la invitaci\u00f3n a los estudiantes de\u00a0\u00a06\u00b0 A Naturales desde la materia \u201cCiudadan\u00eda y Pol\u00edtica\u201d Turno Ma\u00f1ana,\u00a0\u00a0se realiz\u00f3 la salida did\u00e1ctica a los \u201c<strong><em>Tribunales Administrativos Municipales de Faltas<\/em>\u201d.\u00a0<\/strong>En esa oportunidad, adem\u00e1s de realizar un breve recorrido por las instalaciones, en un primer momento fuimos recibidos en su despacho por la autoridad m\u00e1xima del organismo el Administrador General Dr. Ram\u00f3n Ortega.\u00a0\u00a0Tambi\u00e9n se di\u00e1logo con el Jueces de Faltas Dr. Daniel Pereyra y los\u00a0\u00a0miembros de la C\u00e1mara de Apelaciones de Faltas, los camaristas Armando Mayor, V\u00edctor Mart\u00ednez y Diana Marques acompa\u00f1ados en todo el itinerario por el Sub Administrador de los Tribunales Administrativos de Faltas Dr. Jorge Orgaz.<\/p>\n<p style=\"font-weight: 400;\"><strong>Profesores:<\/strong>\u00a0Gladis Burgos y Luc\u00eda Sequeira<\/p>\n<p><img decoding=\"async\" loading=\"lazy\" class=\"size-medium wp-image-1891 aligncenter\" src=\"https:\/\/enscarbo-cba.infd.edu.ar\/sitio\/wp-content\/uploads\/2019\/11\/IMG-20191108-WA0005-1000x750.jpg\" alt=\"\" width=\"1000\" height=\"750\" srcset=\"https:\/\/enscarbo-cba.infd.edu.ar\/sitio\/wp-content\/uploads\/2019\/11\/IMG-20191108-WA0005-1000x750.jpg 1000w, https:\/\/enscarbo-cba.infd.edu.ar\/sitio\/wp-content\/uploads\/2019\/11\/IMG-20191108-WA0005-768x576.jpg 768w, https:\/\/enscarbo-cba.infd.edu.ar\/sitio\/wp-content\/uploads\/2019\/11\/IMG-20191108-WA0005.jpg 1040w\" sizes=\"(max-width: 1000px) 100vw, 1000px\" \/> <img decoding=\"async\" loading=\"lazy\" class=\"size-medium wp-image-1892 aligncenter\" src=\"https:\/\/enscarbo-cba.infd.edu.ar\/sitio\/wp-content\/uploads\/2019\/11\/IMG-20191108-WA0004-1000x750.jpg\" alt=\"\" width=\"1000\" height=\"750\" srcset=\"https:\/\/enscarbo-cba.infd.edu.ar\/sitio\/wp-content\/uploads\/2019\/11\/IMG-20191108-WA0004-1000x750.jpg 1000w, https:\/\/enscarbo-cba.infd.edu.ar\/sitio\/wp-content\/uploads\/2019\/11\/IMG-20191108-WA0004-768x576.jpg 768w, https:\/\/enscarbo-cba.infd.edu.ar\/sitio\/wp-content\/uploads\/2019\/11\/IMG-20191108-WA0004.jpg 1040w\" sizes=\"(max-width: 1000px) 100vw, 1000px\" \/> <img decoding=\"async\" loading=\"lazy\" class=\"size-medium wp-image-1893 aligncenter\" src=\"https:\/\/enscarbo-cba.infd.edu.ar\/sitio\/wp-content\/uploads\/2019\/11\/IMG-20191108-WA0003-1000x750.jpg\" alt=\"\" width=\"1000\" height=\"750\" srcset=\"https:\/\/enscarbo-cba.infd.edu.ar\/sitio\/wp-content\/uploads\/2019\/11\/IMG-20191108-WA0003-1000x750.jpg 1000w, https:\/\/enscarbo-cba.infd.edu.ar\/sitio\/wp-content\/uploads\/2019\/11\/IMG-20191108-WA0003-768x576.jpg 768w, https:\/\/enscarbo-cba.infd.edu.ar\/sitio\/wp-content\/uploads\/2019\/11\/IMG-20191108-WA0003.jpg 1040w\" sizes=\"(max-width: 1000px) 100vw, 1000px\" \/> <img decoding=\"async\" loading=\"lazy\" class=\"size-medium wp-image-1894 aligncenter\" src=\"https:\/\/enscarbo-cba.infd.edu.ar\/sitio\/wp-content\/uploads\/2019\/11\/IMG-20191108-WA0002-1-1000x750.jpg\" alt=\"\" width=\"1000\" height=\"750\" srcset=\"https:\/\/enscarbo-cba.infd.edu.ar\/sitio\/wp-content\/uploads\/2019\/11\/IMG-20191108-WA0002-1-1000x750.jpg 1000w, https:\/\/enscarbo-cba.infd.edu.ar\/sitio\/wp-content\/uploads\/2019\/11\/IMG-20191108-WA0002-1-768x576.jpg 768w, https:\/\/enscarbo-cba.infd.edu.ar\/sitio\/wp-content\/uploads\/2019\/11\/IMG-20191108-WA0002-1.jpg 1040w\" sizes=\"(max-width: 1000px) 100vw, 1000px\" \/><\/p>\n","protected":false},"excerpt":{"rendered":"<p>Estimada Comunidad: \u00a0 \u00a0 \u00a0 \u00a0 \u00a0 \u00a0 \u00a0 \u00a0 \u00a0 \u00a0 \u00a0 \u00a0 \u00a0 \u00a0 \u00a0 \u00a0 \u00a0 \u00a0 \u00a0 \u00a0 \u00a0 \u00a0 \u00a0 \u00a0 \u00a0Compartimos con Uds. la s\u00edntesis e im\u00e1genes del 3\u00b0 Encuentro del Proyecto \u00abParticipaci\u00f3n Ciudadana\u00bb Salida Did\u00e1ctica:\u00a0Tribunales Administrativos Municipales de Faltas D\u00eda:\u00a07-11-19 Alumnos:\u00a04\u00b0 B Sociales y 6\u00b0 A Naturales Turno &#8230; <a title=\"3\u00b0 Encuentro\u00a0del\u00a0\u00a0Proyecto \u201cParticipaci\u00f3n Republicana\u201d\u00a0\" class=\"read-more\" href=\"https:\/\/enscarbo-cba.infd.edu.ar\/sitio\/3-encuentro-del-proyecto-participacion-republicana\/\" aria-label=\"More on 3\u00b0 Encuentro\u00a0del\u00a0\u00a0Proyecto \u201cParticipaci\u00f3n Republicana\u201d\u00a0\">[+]<\/a><\/p>\n","protected":false},"author":7,"featured_media":0,"comment_status":"open","ping_status":"open","sticky":false,"template":"","format":"standard","meta":[],"categories":[18,17,19],"tags":[],"acf":[],"_links":{"self":[{"href":"https:\/\/enscarbo-cba.infd.edu.ar\/sitio\/wp-json\/wp\/v2\/posts\/1890"}],"collection":[{"href":"https:\/\/enscarbo-cba.infd.edu.ar\/sitio\/wp-json\/wp\/v2\/posts"}],"about":[{"href":"https:\/\/enscarbo-cba.infd.edu.ar\/sitio\/wp-json\/wp\/v2\/types\/post"}],"author":[{"embeddable":true,"href":"https:\/\/enscarbo-cba.infd.edu.ar\/sitio\/wp-json\/wp\/v2\/users\/7"}],"replies":[{"embeddable":true,"href":"https:\/\/enscarbo-cba.infd.edu.ar\/sitio\/wp-json\/wp\/v2\/comments?post=1890"}],"version-history":[{"count":1,"href":"https:\/\/enscarbo-cba.infd.edu.ar\/sitio\/wp-json\/wp\/v2\/posts\/1890\/revisions"}],"predecessor-version":[{"id":1895,"href":"https:\/\/enscarbo-cba.infd.edu.ar\/sitio\/wp-json\/wp\/v2\/posts\/1890\/revisions\/1895"}],"wp:attachment":[{"href":"https:\/\/enscarbo-cba.infd.edu.ar\/sitio\/wp-json\/wp\/v2\/media?parent=1890"}],"wp:term":[{"taxonomy":"category","embeddable":true,"href":"https:\/\/enscarbo-cba.infd.edu.ar\/sitio\/wp-json\/wp\/v2\/categories?post=1890"},{"taxonomy":"post_tag","embeddable":true,"href":"https:\/\/enscarbo-cba.infd.edu.ar\/sitio\/wp-json\/wp\/v2\/tags?post=1890"}],"curies":[{"name":"wp","href":"https:\/\/api.w.org\/{rel}","templated":true}]}}