{"id":1896,"date":"2019-11-12T00:12:47","date_gmt":"2019-11-12T03:12:47","guid":{"rendered":"https:\/\/enscarbo-cba.infd.edu.ar\/sitio\/?p=1896"},"modified":"2019-11-12T00:12:47","modified_gmt":"2019-11-12T03:12:47","slug":"taller-para-abordar-la-tematica-de-e-s-i","status":"publish","type":"post","link":"https:\/\/enscarbo-cba.infd.edu.ar\/sitio\/taller-para-abordar-la-tematica-de-e-s-i\/","title":{"rendered":"Taller para abordar la tem\u00e1tica de E.S.I."},"content":{"rendered":"<p style=\"font-weight: 400;\">Estimada Comunidad:<\/p>\n<p>\u00a0 \u00a0 \u00a0 \u00a0 \u00a0 \u00a0 \u00a0 \u00a0 \u00a0 \u00a0 \u00a0 \u00a0 \u00a0 \u00a0 \u00a0 \u00a0 \u00a0 \u00a0 \u00a0 \u00a0 \u00a0 \u00a0A continuaci\u00f3n les informamos los detalles e im\u00e1genes sobre la participaci\u00f3n en el Taller para abordar la tem\u00e1tica de E.S.I. el d\u00eda 8 de Noviembre del corriente a\u00f1o.<\/p>\n<p style=\"font-weight: 400;\"><strong>Alumnos:<\/strong>\u00a0Julieta Paredes\u00a0\u00a0y Lucas Cepeda del Turno Tarde. Ambos estudiantes integrantes del Centro de Estudiantes Secundario del ENSAC.<\/p>\n<p style=\"font-weight: 400;\"><strong>Actividad:<\/strong>\u00a0La instituci\u00f3n fue invitada a participar en un Taller para abordar la tem\u00e1tica de E.S.I. junto con otras Escuelas. Dicho taller fue dictado por el Equipo T\u00e9cnico de Educaci\u00f3n Sexual Integral de la Subsecretaria de Promoci\u00f3n de Igualdad y Calidad Educativa, a cargo de la Coordinaci\u00f3n de Asuntos Juveniles e Intervenci\u00f3n Social del Ministerio de Educaci\u00f3n.<\/p>\n<p style=\"font-weight: 400;\"><strong>Profesor que acompa\u00f1\u00f3:<\/strong>\u00a0Adriana Villanueva<\/p>\n<p style=\"font-weight: 400;\"><img decoding=\"async\" loading=\"lazy\" class=\"size-medium wp-image-1897 aligncenter\" src=\"https:\/\/enscarbo-cba.infd.edu.ar\/sitio\/wp-content\/uploads\/2019\/11\/IMG-20191108-WA0015-563x1000.jpg\" alt=\"\" width=\"563\" height=\"1000\" srcset=\"https:\/\/enscarbo-cba.infd.edu.ar\/sitio\/wp-content\/uploads\/2019\/11\/IMG-20191108-WA0015-563x1000.jpg 563w, https:\/\/enscarbo-cba.infd.edu.ar\/sitio\/wp-content\/uploads\/2019\/11\/IMG-20191108-WA0015.jpg 581w\" sizes=\"(max-width: 563px) 100vw, 563px\" \/>\u00a0<img decoding=\"async\" loading=\"lazy\" class=\"size-medium wp-image-1898 aligncenter\" src=\"https:\/\/enscarbo-cba.infd.edu.ar\/sitio\/wp-content\/uploads\/2019\/11\/IMG-20191108-WA0013-563x1000.jpg\" alt=\"\" width=\"563\" height=\"1000\" srcset=\"https:\/\/enscarbo-cba.infd.edu.ar\/sitio\/wp-content\/uploads\/2019\/11\/IMG-20191108-WA0013-563x1000.jpg 563w, https:\/\/enscarbo-cba.infd.edu.ar\/sitio\/wp-content\/uploads\/2019\/11\/IMG-20191108-WA0013.jpg 581w\" sizes=\"(max-width: 563px) 100vw, 563px\" \/> <img decoding=\"async\" loading=\"lazy\" class=\"size-medium wp-image-1899 aligncenter\" src=\"https:\/\/enscarbo-cba.infd.edu.ar\/sitio\/wp-content\/uploads\/2019\/11\/IMG-20191108-WA0012-1000x563.jpg\" alt=\"\" width=\"1000\" height=\"563\" srcset=\"https:\/\/enscarbo-cba.infd.edu.ar\/sitio\/wp-content\/uploads\/2019\/11\/IMG-20191108-WA0012-1000x563.jpg 1000w, https:\/\/enscarbo-cba.infd.edu.ar\/sitio\/wp-content\/uploads\/2019\/11\/IMG-20191108-WA0012-768x432.jpg 768w, https:\/\/enscarbo-cba.infd.edu.ar\/sitio\/wp-content\/uploads\/2019\/11\/IMG-20191108-WA0012.jpg 1032w\" sizes=\"(max-width: 1000px) 100vw, 1000px\" \/> <img decoding=\"async\" loading=\"lazy\" class=\"size-medium wp-image-1900 aligncenter\" src=\"https:\/\/enscarbo-cba.infd.edu.ar\/sitio\/wp-content\/uploads\/2019\/11\/IMG-20191108-WA0008-1000x750.jpg\" alt=\"\" width=\"1000\" height=\"750\" srcset=\"https:\/\/enscarbo-cba.infd.edu.ar\/sitio\/wp-content\/uploads\/2019\/11\/IMG-20191108-WA0008-1000x750.jpg 1000w, https:\/\/enscarbo-cba.infd.edu.ar\/sitio\/wp-content\/uploads\/2019\/11\/IMG-20191108-WA0008-768x576.jpg 768w, https:\/\/enscarbo-cba.infd.edu.ar\/sitio\/wp-content\/uploads\/2019\/11\/IMG-20191108-WA0008.jpg 1280w\" sizes=\"(max-width: 1000px) 100vw, 1000px\" \/><\/p>\n<p style=\"font-weight: 400;\">\n","protected":false},"excerpt":{"rendered":"<p>Estimada Comunidad: \u00a0 \u00a0 \u00a0 \u00a0 \u00a0 \u00a0 \u00a0 \u00a0 \u00a0 \u00a0 \u00a0 \u00a0 \u00a0 \u00a0 \u00a0 \u00a0 \u00a0 \u00a0 \u00a0 \u00a0 \u00a0 \u00a0A continuaci\u00f3n les informamos los detalles e im\u00e1genes sobre la participaci\u00f3n en el Taller para abordar la tem\u00e1tica de E.S.I. el d\u00eda 8 de Noviembre del corriente a\u00f1o. Alumnos:\u00a0Julieta Paredes\u00a0\u00a0y Lucas Cepeda &#8230; <a title=\"Taller para abordar la tem\u00e1tica de E.S.I.\" class=\"read-more\" href=\"https:\/\/enscarbo-cba.infd.edu.ar\/sitio\/taller-para-abordar-la-tematica-de-e-s-i\/\" aria-label=\"More on Taller para abordar la tem\u00e1tica de E.S.I.\">[+]<\/a><\/p>\n","protected":false},"author":7,"featured_media":0,"comment_status":"open","ping_status":"open","sticky":false,"template":"","format":"standard","meta":[],"categories":[18,17,19],"tags":[],"acf":[],"_links":{"self":[{"href":"https:\/\/enscarbo-cba.infd.edu.ar\/sitio\/wp-json\/wp\/v2\/posts\/1896"}],"collection":[{"href":"https:\/\/enscarbo-cba.infd.edu.ar\/sitio\/wp-json\/wp\/v2\/posts"}],"about":[{"href":"https:\/\/enscarbo-cba.infd.edu.ar\/sitio\/wp-json\/wp\/v2\/types\/post"}],"author":[{"embeddable":true,"href":"https:\/\/enscarbo-cba.infd.edu.ar\/sitio\/wp-json\/wp\/v2\/users\/7"}],"replies":[{"embeddable":true,"href":"https:\/\/enscarbo-cba.infd.edu.ar\/sitio\/wp-json\/wp\/v2\/comments?post=1896"}],"version-history":[{"count":1,"href":"https:\/\/enscarbo-cba.infd.edu.ar\/sitio\/wp-json\/wp\/v2\/posts\/1896\/revisions"}],"predecessor-version":[{"id":1901,"href":"https:\/\/enscarbo-cba.infd.edu.ar\/sitio\/wp-json\/wp\/v2\/posts\/1896\/revisions\/1901"}],"wp:attachment":[{"href":"https:\/\/enscarbo-cba.infd.edu.ar\/sitio\/wp-json\/wp\/v2\/media?parent=1896"}],"wp:term":[{"taxonomy":"category","embeddable":true,"href":"https:\/\/enscarbo-cba.infd.edu.ar\/sitio\/wp-json\/wp\/v2\/categories?post=1896"},{"taxonomy":"post_tag","embeddable":true,"href":"https:\/\/enscarbo-cba.infd.edu.ar\/sitio\/wp-json\/wp\/v2\/tags?post=1896"}],"curies":[{"name":"wp","href":"https:\/\/api.w.org\/{rel}","templated":true}]}}