{"id":2541,"date":"2021-02-18T19:42:45","date_gmt":"2021-02-18T22:42:45","guid":{"rendered":"https:\/\/enscarbo-cba.infd.edu.ar\/sitio\/?p=2541"},"modified":"2021-02-28T22:01:02","modified_gmt":"2021-03-01T01:01:02","slug":"informacion-importante-reunion-comision-de-obras","status":"publish","type":"post","link":"https:\/\/enscarbo-cba.infd.edu.ar\/sitio\/informacion-importante-reunion-comision-de-obras\/","title":{"rendered":"INFORMACI\u00d3N IMPORTANTE &#8211; Reuni\u00f3n Comisi\u00f3n de Obras"},"content":{"rendered":"<p>Estimada Comunidad:<\/p>\n<p>Les informamos acerca de la primera reuni\u00f3n de la Comisi\u00f3n de Obras para su difusi\u00f3n y conocimiento.<\/p>\n<p>Atte.<\/p>\n<p>Equipo Directivo<\/p>\n<p>E.N.S.A.Carb\u00f3<\/p>\n<p>&nbsp;<\/p>\n<p style=\"text-align: right;\">C\u00f3rdoba, 2 de febrero 2021<\/p>\n<p><strong><u>Primera reuni\u00f3n Comisi\u00f3n de Obras CARB\u00d3<\/u><\/strong><\/p>\n<p>&nbsp;<\/p>\n<p>Siendo las 10:30 hs del d\u00eda martes 2 de febrero de 2021, el se\u00f1or Vice Director a cargo de la instituci\u00f3n, Lic. Ricardo Pela, da apertura a la primera reuni\u00f3n de obras del presente a\u00f1o lectivo. Da la bienvenida a los asistentes:<\/p>\n<ul>\n<li>Arquitecto Carlos Giovanoni, Director Infraestructura<\/li>\n<li>Ingeniero Jos\u00e9 Papa, Sub Director de Infraestructura<\/li>\n<li>Jos\u00e9 Peralta, T\u00e9cnico del Ministerio de Educaci\u00f3n<\/li>\n<li>Arquitecta Andrea Cesana<\/li>\n<li>Fernando Ocampo, Emergencias edilicias<\/li>\n<li>Secretaria UEPC Capital, Alina Monz\u00f3n<\/li>\n<li>Marta Acevedo, Infraestructura escolar UEPC<\/li>\n<li>Silvina G\u00f3mez, Comisi\u00f3n obras Carbo<\/li>\n<li>Gabriel Damiani, delegado UEPC Nivel Superior<\/li>\n<li>Daniela Trujillo, delegada UEPC Nivel Medio<\/li>\n<li>Sandra \u00c1lvarez, Presidenta Cooperadora escolar<\/li>\n<li>Ingeniera Mar\u00eda Ang\u00e9lica Saravia, Secretaria Cooperadora escolar<\/li>\n<li>Se\u00f1orita Ang\u00e9lica Romero, Intendente Carbo<\/li>\n<li>Arquitecto Adri\u00e1n Zak, vocero de vecinos.<\/li>\n<\/ul>\n<p>El arquitecto Carlos Giovanoni abre la reuni\u00f3n explicando que todo lo acontecido acerca de la poda y tala de algunos \u00e1rboles de la Instituci\u00f3n responde a un error de comunicaci\u00f3n entre el \u00e1rea de Infraestructura y la comisi\u00f3n de preservaci\u00f3n de monumentos hist\u00f3ricos. Como Director de Infraestructura asume la responsabilidad de esa situaci\u00f3n, pero aclara que la poda y tala fueron altamente necesarias para preservar la seguridad de los transe\u00fantes, alumnado y personal de la Instituci\u00f3n. Para explicar los tecnicismos de dicha decisi\u00f3n, invita al Ingeniero Papa a dar los fundamentos acordados. Papa explica que los criterios que se consideraron fueron la seguridad, cercan\u00eda y sanidad. Los \u00e1rboles que se talaron son ejemplares de fresnos que estaban ya secos y representaban un peligro inminente de ca\u00edda, transform\u00e1ndose en un riesgo latente para transe\u00fantes y para toda la Instituci\u00f3n. En cuanto a los algarrobos, explica que la intervenci\u00f3n de su poda fue racional, pues se mantiene su forma original. Tambi\u00e9n aclara que en relaci\u00f3n a la mora que est\u00e1 partida en el patio del segundo ciclo de primaria, se evaluar\u00e1 si se le saca peso o se la extrae directamente. Con respecto a las palmeras, aclara que se va a sacar la malla para poder trabajar correctamente. Es muy probable que una de ellas pueda llegar a ser extra\u00edda por la alta contaminaci\u00f3n de ratas que presenta. De todos modos, es un tema a evaluar porque dicha palmeta es parte de la forestaci\u00f3n original de la escuela, lo cual significa que se debe respetar su condici\u00f3n de monumento hist\u00f3rico. La otra opci\u00f3n es volver a desinfectar dicho \u00e1rbol para evitar su extracci\u00f3n definitiva. Papa tambi\u00e9n aclara que todo \u00e1rbol que sea removido, ser\u00e1 reemplazado, como se define en la idea original del proyecto de reforestaci\u00f3n. No necesariamente deben ser especies aut\u00f3ctonas, por la demora en su crecimiento.<\/p>\n<p>El Director de Infraestructura plantea que todo lo que se pretenda hacer queda supeditado a lo que consideren los miembros de la comisi\u00f3n de preservaci\u00f3n de monumentos hist\u00f3ricos. El ingeniero Papa aclara que el \u00e1rbol seco que qued\u00f3 sin cortar por su elevada altura, ser\u00e1 lo primero que se remover\u00e1 cuando se tenga la autorizaci\u00f3n de Monumentos Hist\u00f3ricos.<\/p>\n<p>A continuaci\u00f3n, se presenta el arquitecto Adri\u00e1n Zak como representante de los vecinos que denunciaron ante los medios la situaci\u00f3n de la poda y tala de los \u00e1rboles en cuesti\u00f3n. Plantea con mucha preocupaci\u00f3n que observa muchas deficiencias en la infraestructura del edificio, muchas de las cuales \u00e9l hab\u00eda ya denunciado en el a\u00f1o 2017.<\/p>\n<p>Toma la palabra la arquitecta Andrea Cesana, para explicar las medidas que se est\u00e1n tomando para el reinicio del ciclo lectivo: redes, cielos rasos, humedades, sanitarios, ventanas, patios, limpieza.<\/p>\n<p>Zak plantea que es imperioso poner chapas en el techo para evitar mayores humedades, ante lo cual la arquitecta explica que se pondr\u00e1 cielo raso y membrana en los techos averiados. Zak exige que se invierta y se cuide m\u00e1s el patrimonio de la instituci\u00f3n. Hace especial referencia a la biblioteca y a la peligrosidad de un siniestro, como ser un incendio.<\/p>\n<p>Toma nuevamente la palabra el ingeniero Papa para volver a explicar los criterios de intervenci\u00f3n de la poda al arquitecto Zak. Este \u00faltimo plantea que hay que curar los cortes de los \u00e1rboles para evitar su extracci\u00f3n a futuro. Papa plantea t\u00e9cnicamente su diferencia de criterio en relaci\u00f3n con la poda.<\/p>\n<p>El profesor Damiani expresa su preocupaci\u00f3n por el inminente regreso a la presencialidad y la urgencia por conocer los protocolos de acci\u00f3n ante COVID.<\/p>\n<p>Hace uso de la palabra la Secretaria Gral. De Uepc, Alina Monz\u00f3n, quien plantea la necesidad de garantizar las condiciones laborales\/ sanitarias para el potencial regreso a la presencialidad.<\/p>\n<p>Toma la palabra el arquitecto Giovanoni quien refuerza la explicaci\u00f3n de la arquitecta Cesana, quien argumenta que dicho plan est\u00e1 consensuado con el Ministerio de Educaci\u00f3n de la Naci\u00f3n.<\/p>\n<p>El Lic. Pela solicita que se agilice la refacci\u00f3n de alguna \u00e1rea de la instituci\u00f3n para que sea r\u00e1pidamente habilitada debido al pr\u00f3ximo inicio del programa intensivo para revincular estudiantes que no se pudieron conectar el a\u00f1o anterior.<\/p>\n<p>Se acuerda que el ingreso ser\u00e1 por la puerta de 9 de Julio, con la se\u00f1al\u00edstica necesaria para el tr\u00e1nsito de alumnos y docentes.<\/p>\n<p>Jos\u00e9 Peralta aclara las dificultades que se presentaron para retomar las obras porque los presupuestos del 2020 fueron redireccionados a Salud y celebra la posibilidad del reencuentro presencial para trabajar en conjunto para mejorar y resolver todas las situaciones que surjan.<\/p>\n<p>Las representantes de la Cooperadora Escolar piden la verificaci\u00f3n del correcto funcionamiento de todas las aberturas para garantizar la oxigenaci\u00f3n de las aulas.<\/p>\n<p>Se considera fundamental la continuidad de las reuniones, establecer una agenda pautada para ir controlando el progreso de la obra en marcha.<\/p>\n<p>El arquitecto Zak plantea que es importante comunicarse con el delegado local de Monumentos Hist\u00f3ricos, Venturini.<\/p>\n<p>La reuni\u00f3n concluye a las 12:30 con la invitaci\u00f3n para el pr\u00f3ximo encuentro que queda establecido para el d\u00eda viernes 12\/2 a las 10 hs.<\/p>\n","protected":false},"excerpt":{"rendered":"<p>Estimada Comunidad: Les informamos acerca de la primera reuni\u00f3n de la Comisi\u00f3n de Obras para su difusi\u00f3n y conocimiento. Atte. Equipo Directivo E.N.S.A.Carb\u00f3 &nbsp; C\u00f3rdoba, 2 de febrero 2021 Primera reuni\u00f3n Comisi\u00f3n de Obras CARB\u00d3 &nbsp; Siendo las 10:30 hs del d\u00eda martes 2 de febrero de 2021, el se\u00f1or Vice Director a cargo de &#8230; <a title=\"INFORMACI\u00d3N IMPORTANTE &#8211; Reuni\u00f3n Comisi\u00f3n de Obras\" class=\"read-more\" href=\"https:\/\/enscarbo-cba.infd.edu.ar\/sitio\/informacion-importante-reunion-comision-de-obras\/\" aria-label=\"More on INFORMACI\u00d3N IMPORTANTE &#8211; Reuni\u00f3n Comisi\u00f3n de Obras\">[+]<\/a><\/p>\n","protected":false},"author":7,"featured_media":0,"comment_status":"open","ping_status":"open","sticky":false,"template":"","format":"standard","meta":[],"categories":[19],"tags":[],"acf":[],"_links":{"self":[{"href":"https:\/\/enscarbo-cba.infd.edu.ar\/sitio\/wp-json\/wp\/v2\/posts\/2541"}],"collection":[{"href":"https:\/\/enscarbo-cba.infd.edu.ar\/sitio\/wp-json\/wp\/v2\/posts"}],"about":[{"href":"https:\/\/enscarbo-cba.infd.edu.ar\/sitio\/wp-json\/wp\/v2\/types\/post"}],"author":[{"embeddable":true,"href":"https:\/\/enscarbo-cba.infd.edu.ar\/sitio\/wp-json\/wp\/v2\/users\/7"}],"replies":[{"embeddable":true,"href":"https:\/\/enscarbo-cba.infd.edu.ar\/sitio\/wp-json\/wp\/v2\/comments?post=2541"}],"version-history":[{"count":1,"href":"https:\/\/enscarbo-cba.infd.edu.ar\/sitio\/wp-json\/wp\/v2\/posts\/2541\/revisions"}],"predecessor-version":[{"id":2542,"href":"https:\/\/enscarbo-cba.infd.edu.ar\/sitio\/wp-json\/wp\/v2\/posts\/2541\/revisions\/2542"}],"wp:attachment":[{"href":"https:\/\/enscarbo-cba.infd.edu.ar\/sitio\/wp-json\/wp\/v2\/media?parent=2541"}],"wp:term":[{"taxonomy":"category","embeddable":true,"href":"https:\/\/enscarbo-cba.infd.edu.ar\/sitio\/wp-json\/wp\/v2\/categories?post=2541"},{"taxonomy":"post_tag","embeddable":true,"href":"https:\/\/enscarbo-cba.infd.edu.ar\/sitio\/wp-json\/wp\/v2\/tags?post=2541"}],"curies":[{"name":"wp","href":"https:\/\/api.w.org\/{rel}","templated":true}]}}