{"id":2548,"date":"2021-02-19T13:55:24","date_gmt":"2021-02-19T16:55:24","guid":{"rendered":"https:\/\/enscarbo-cba.infd.edu.ar\/sitio\/?p=2548"},"modified":"2021-02-28T22:00:26","modified_gmt":"2021-03-01T01:00:26","slug":"informacion-importante-nivel-primario","status":"publish","type":"post","link":"https:\/\/enscarbo-cba.infd.edu.ar\/sitio\/informacion-importante-nivel-primario\/","title":{"rendered":"INFORMACI\u00d3N IMPORTANTE &#8211; NIVEL PRIMARIO"},"content":{"rendered":"<p><strong>NOTA A PADRES COMIENZO 2021<\/strong><\/p>\n<p>Estimadas familias:<strong> Bienvenidos a este nuevo a\u00f1o lectivo!!!!!<\/strong><\/p>\n<p>Esperamos que se encuentren muy bien, y desearles un feliz comienzo. Nos acercamos a Ustedes para informarles que a partir del 17\/02 los docentes comenzamos a trabajar de manera virtual, en reuniones de capacitaci\u00f3n sobre los protocolos y cuidados \u00a0referidos a la vuelta a la presencialidad. El modo de reapertura a clases (bimodal: presencial-virtual) ser\u00e1 a partir del <u>1ro.de marzo<\/u> de forma <strong>paulatina, progresiva, y rotativa <\/strong>en cada Nivel Educativo, seg\u00fan lo establecido por la resoluci\u00f3n N\u00b026 del Ministerio de Educaci\u00f3n de la Provincia de C\u00f3rdoba, sobre protocolo y recomendaciones integrales para el cuidado de la salud.<\/p>\n<p>Se les ir\u00e1 informando como se trabajar\u00e1 con esta nueva modalidad por medio de carteler\u00eda interna en la escuela, p\u00e1gina de la instituci\u00f3n <a href=\"https:\/\/ensacarbo-cba.infd.edu.ar\/sitio\/\">https:\/\/ensacarbo-cba.infd.edu.ar\/sitio\/<\/a>\u00a0 y contactos de grupo de padres.<\/p>\n<p>Con respecto a las matr\u00edculas de nuestros alumnos, pronto les comunicaremos c\u00f3mo la realizaremos. Con respecto a PRIMER GRADO, aquellos padres que hayan recibido la informaci\u00f3n del CIDI que tienen la condici\u00f3n <strong>Asignado\/a con Prioridad <\/strong>les vamos avisar los d\u00edas y turnos que deben presentar la documentaci\u00f3n requerida.<\/p>\n<p>En estos momentos s\u00f3lo concurren a la escuela los alumnos m\u00e1s desvinculados el a\u00f1o pasado, para realizar el Programa Nacional Acompa\u00f1ar-PUENTES DE IGUALDAD y desde ma\u00f1ana 19 de febrero, se ir\u00e1n incorporando los\u00a0 estudiantes que les hayan quedado contenidos pendientes del a\u00f1o pasado para comenzar el PER\u00cdODO DE INTENSIFICACI\u00d3N hasta el 26 de febrero. Despu\u00e9s de esta etapa, el alumnado debe esperar hasta el momento que sean convocados en d\u00eda y horario espec\u00edfico, ya que se ir\u00e1n conformando burbujas (no m\u00e1s de 15 estudiantes) identificables, para la vuelta a clases presenciales, las mismas ser\u00e1n\u00a0 pausadamente respetando el protocolo vigente.<\/p>\n<p><strong>Consideraciones generales de prevenci\u00f3n sanitaria:<\/strong><\/p>\n<p>*No concurrir a la escuela en caso de la aparici\u00f3n de s\u00edntomas, o en el de estar a la espera de un resultado diagn\u00f3stico de COVID-19.<\/p>\n<p>*El estudiante debe ser acompa\u00f1ado por un solo adulto responsable para el ingreso y su retiro que no sea persona de riesgo.<\/p>\n<p>*Asistir con el correcto uso del barbijo o tapabocas.<\/p>\n<p>*Respetar la circulaci\u00f3n obligatoria del Nivel Primario (puertas 9 de Julio)<\/p>\n<p>*El adulto acompa\u00f1ante no debe ingresar a la escuela, sino esperar en la explanada o hall de ingreso donde ser\u00e1 recibido cada alumno\/a, se le tomar\u00e1 la temperatura, posteriormente se le colocar\u00e1 alcohol diluido 70% en las manos.<\/p>\n<p>*No compartir el estudiante art\u00edculos personales (\u00fatiles escolares, alimentos, etc.) con otros alumnos.<\/p>\n<p>Les pedimos la colaboraci\u00f3n y el respeto de estas disposiciones y otras que les iremos informando seg\u00fan sea necesario, ya que \u201cen tiempos de pandemia es importante resignificar la vinculaci\u00f3n entre salud y educaci\u00f3n\u201d<\/p>\n<p>Esperando un mejor a\u00f1o escolar para todos, los saludamos cordialmente.<\/p>\n<p>Equipo de\u00a0 Gesti\u00f3n- Nivel Primario-Carb\u00f3<\/p>\n","protected":false},"excerpt":{"rendered":"<p>NOTA A PADRES COMIENZO 2021 Estimadas familias: Bienvenidos a este nuevo a\u00f1o lectivo!!!!! Esperamos que se encuentren muy bien, y desearles un feliz comienzo. Nos acercamos a Ustedes para informarles que a partir del 17\/02 los docentes comenzamos a trabajar de manera virtual, en reuniones de capacitaci\u00f3n sobre los protocolos y cuidados \u00a0referidos a la &#8230; <a title=\"INFORMACI\u00d3N IMPORTANTE &#8211; NIVEL PRIMARIO\" class=\"read-more\" href=\"https:\/\/enscarbo-cba.infd.edu.ar\/sitio\/informacion-importante-nivel-primario\/\" aria-label=\"More on INFORMACI\u00d3N IMPORTANTE &#8211; NIVEL PRIMARIO\">[+]<\/a><\/p>\n","protected":false},"author":7,"featured_media":0,"comment_status":"open","ping_status":"open","sticky":false,"template":"","format":"standard","meta":[],"categories":[19],"tags":[],"acf":[],"_links":{"self":[{"href":"https:\/\/enscarbo-cba.infd.edu.ar\/sitio\/wp-json\/wp\/v2\/posts\/2548"}],"collection":[{"href":"https:\/\/enscarbo-cba.infd.edu.ar\/sitio\/wp-json\/wp\/v2\/posts"}],"about":[{"href":"https:\/\/enscarbo-cba.infd.edu.ar\/sitio\/wp-json\/wp\/v2\/types\/post"}],"author":[{"embeddable":true,"href":"https:\/\/enscarbo-cba.infd.edu.ar\/sitio\/wp-json\/wp\/v2\/users\/7"}],"replies":[{"embeddable":true,"href":"https:\/\/enscarbo-cba.infd.edu.ar\/sitio\/wp-json\/wp\/v2\/comments?post=2548"}],"version-history":[{"count":1,"href":"https:\/\/enscarbo-cba.infd.edu.ar\/sitio\/wp-json\/wp\/v2\/posts\/2548\/revisions"}],"predecessor-version":[{"id":2549,"href":"https:\/\/enscarbo-cba.infd.edu.ar\/sitio\/wp-json\/wp\/v2\/posts\/2548\/revisions\/2549"}],"wp:attachment":[{"href":"https:\/\/enscarbo-cba.infd.edu.ar\/sitio\/wp-json\/wp\/v2\/media?parent=2548"}],"wp:term":[{"taxonomy":"category","embeddable":true,"href":"https:\/\/enscarbo-cba.infd.edu.ar\/sitio\/wp-json\/wp\/v2\/categories?post=2548"},{"taxonomy":"post_tag","embeddable":true,"href":"https:\/\/enscarbo-cba.infd.edu.ar\/sitio\/wp-json\/wp\/v2\/tags?post=2548"}],"curies":[{"name":"wp","href":"https:\/\/api.w.org\/{rel}","templated":true}]}}