{"id":2550,"date":"2021-02-19T19:00:51","date_gmt":"2021-02-19T22:00:51","guid":{"rendered":"https:\/\/enscarbo-cba.infd.edu.ar\/sitio\/?p=2550"},"modified":"2021-02-28T21:02:34","modified_gmt":"2021-03-01T00:02:34","slug":"informacion-importante-nivel-inicial","status":"publish","type":"post","link":"https:\/\/enscarbo-cba.infd.edu.ar\/sitio\/informacion-importante-nivel-inicial\/","title":{"rendered":"INFORMACI\u00d3N IMPORTANTE &#8211; NIVEL INICIAL"},"content":{"rendered":"<p>Estimadas familias:<strong> Bienvenidos a este nuevo a\u00f1o lectivo!!!!!<\/strong><\/p>\n<p>Esperamos que se encuentren muy bien, y desearles un feliz comienzo. Nos acercamos a Ustedes para informarles que a partir del 17\/02 los docentes comenzamos a trabajar de manera virtual, en reuniones de capacitaci\u00f3n sobre los protocolos y cuidados\u00a0 referidos a la vuelta a la presencialidad. El modo de reapertura a clases (bimodal: presencial-virtual) ser\u00e1 en\u00a0 forma <strong>paulatina, progresiva, y rotativa <\/strong>en cada Nivel Educativo, seg\u00fan lo establecido por la resoluci\u00f3n N\u00b026 del Ministerio de Educaci\u00f3n de la Provincia de C\u00f3rdoba, sobre protocolo y recomendaciones integrales para el cuidado de la salud.<\/p>\n<p>Se les ir\u00e1 informando como se trabajar\u00e1 con esta nueva modalidad a \u00a0trav\u00e9s de la p\u00e1gina de la instituci\u00f3n <a href=\"https:\/\/ensacarbo-cba.infd.edu.ar\/sitio\/\">https:\/\/ensacarbo-cba.infd.edu.ar\/sitio\/<\/a><\/p>\n<p>Con respecto a las matr\u00edculas de nuestros alumnos, pronto les comunicaremos c\u00f3mo la realizaremos.<\/p>\n<p>Los alumnos de las <strong>SALAS DE CUATRO y CINCO<\/strong> que hayan recibido la informaci\u00f3n del <strong>CIDI<\/strong> que tienen la condici\u00f3n <strong>Asignado\/a con Prioridad o Asignado <\/strong>les vamos avisar los d\u00edas y turnos que deben presentar la documentaci\u00f3n requerida. Para ello deber\u00e1n enviar un email de contacto especificando el nombre del ni\u00f1o o la ni\u00f1a \u00a0a la siguiente direcci\u00f3n de correo: <a href=\"mailto:nivel.inicial.acarbo@gmail.com\">nivel.inicial.acarbo@gmail.com<\/a><\/p>\n<p>Los alumnos que cursaron en nuestro Establecimiento el a\u00f1o 2020 en sala de cuatro y que les corresponde en el 2021 realizar sala de cinco, deben esperar\u00a0 la informaci\u00f3n que se colocar\u00e1 en la p\u00e1gina de la Escuela.<\/p>\n<p>Los dem\u00e1s estudiantes que tienen la condici\u00f3n de <strong>EN ESPERA, <\/strong>\u00a0en funci\u00f3n de las vacantes disponibles en la Instituci\u00f3n, se ir\u00e1n notificando. Tambi\u00e9n deber\u00e1n enviar una direcci\u00f3n de contacto a la direcci\u00f3n de correo anterior.<\/p>\n<p>Luego de esta etapa, el alumnado debe esperar hasta el momento que sean convocados en d\u00eda y horario espec\u00edfico, ya que se ir\u00e1n conformando burbujas (no m\u00e1s de 15 estudiantes) identificables, para la vuelta a clases presenciales, las mismas ser\u00e1n\u00a0 pausadamente respetando el protocolo vigente.<\/p>\n<p><strong>Consideraciones generales de prevenci\u00f3n sanitaria:<\/strong><\/p>\n<p>*No concurrir a la escuela en caso de la aparici\u00f3n de s\u00edntomas, o en el de estar a la espera de un resultado diagn\u00f3stico de COVID-19.<\/p>\n<p>*El estudiante debe ser acompa\u00f1ado por un solo adulto responsable para el ingreso y su retiro que no sea persona de riesgo.<\/p>\n<p>*Asistir con el correcto uso del barbijo.<\/p>\n<p>*Respetar la circulaci\u00f3n obligatoria del Nivel Inicial (puerta del costado sobre \u00a09 de Julio)<\/p>\n<p>*El adulto acompa\u00f1ante no debe ingresar a la escuela, sino esperar en la explanada o hall \u00a0donde ser\u00e1 recibido cada alumno\/a, se le tomar\u00e1 la temperatura, posteriormente se le colocar\u00e1 alcohol diluido 70% en las manos.<\/p>\n<p>*No compartir el estudiante art\u00edculos personales con otros alumnos.<\/p>\n<p>Les pedimos la colaboraci\u00f3n y el respeto de estas disposiciones y otras que les iremos informando seg\u00fan sea necesario, ya que \u201cen tiempos de pandemia es importante resignificar la vinculaci\u00f3n entre salud y educaci\u00f3n\u201d<\/p>\n<p>Esperando un mejor a\u00f1o escolar para todos, los saludamos cordialmente.<\/p>\n<p>Equipo \u00a0\u00a0Directivo ENSAC<\/p>\n","protected":false},"excerpt":{"rendered":"<p>Estimadas familias: Bienvenidos a este nuevo a\u00f1o lectivo!!!!! Esperamos que se encuentren muy bien, y desearles un feliz comienzo. Nos acercamos a Ustedes para informarles que a partir del 17\/02 los docentes comenzamos a trabajar de manera virtual, en reuniones de capacitaci\u00f3n sobre los protocolos y cuidados\u00a0 referidos a la vuelta a la presencialidad. El &#8230; <a title=\"INFORMACI\u00d3N IMPORTANTE &#8211; NIVEL INICIAL\" class=\"read-more\" href=\"https:\/\/enscarbo-cba.infd.edu.ar\/sitio\/informacion-importante-nivel-inicial\/\" aria-label=\"More on INFORMACI\u00d3N IMPORTANTE &#8211; NIVEL INICIAL\">[+]<\/a><\/p>\n","protected":false},"author":7,"featured_media":0,"comment_status":"open","ping_status":"open","sticky":false,"template":"","format":"standard","meta":[],"categories":[19],"tags":[],"acf":[],"_links":{"self":[{"href":"https:\/\/enscarbo-cba.infd.edu.ar\/sitio\/wp-json\/wp\/v2\/posts\/2550"}],"collection":[{"href":"https:\/\/enscarbo-cba.infd.edu.ar\/sitio\/wp-json\/wp\/v2\/posts"}],"about":[{"href":"https:\/\/enscarbo-cba.infd.edu.ar\/sitio\/wp-json\/wp\/v2\/types\/post"}],"author":[{"embeddable":true,"href":"https:\/\/enscarbo-cba.infd.edu.ar\/sitio\/wp-json\/wp\/v2\/users\/7"}],"replies":[{"embeddable":true,"href":"https:\/\/enscarbo-cba.infd.edu.ar\/sitio\/wp-json\/wp\/v2\/comments?post=2550"}],"version-history":[{"count":1,"href":"https:\/\/enscarbo-cba.infd.edu.ar\/sitio\/wp-json\/wp\/v2\/posts\/2550\/revisions"}],"predecessor-version":[{"id":2551,"href":"https:\/\/enscarbo-cba.infd.edu.ar\/sitio\/wp-json\/wp\/v2\/posts\/2550\/revisions\/2551"}],"wp:attachment":[{"href":"https:\/\/enscarbo-cba.infd.edu.ar\/sitio\/wp-json\/wp\/v2\/media?parent=2550"}],"wp:term":[{"taxonomy":"category","embeddable":true,"href":"https:\/\/enscarbo-cba.infd.edu.ar\/sitio\/wp-json\/wp\/v2\/categories?post=2550"},{"taxonomy":"post_tag","embeddable":true,"href":"https:\/\/enscarbo-cba.infd.edu.ar\/sitio\/wp-json\/wp\/v2\/tags?post=2550"}],"curies":[{"name":"wp","href":"https:\/\/api.w.org\/{rel}","templated":true}]}}