{"id":3565,"date":"2021-11-26T11:28:21","date_gmt":"2021-11-26T14:28:21","guid":{"rendered":"https:\/\/enscarbo-cba.infd.edu.ar\/sitio\/?p=3565"},"modified":"2021-11-26T11:28:52","modified_gmt":"2021-11-26T14:28:52","slug":"asociacion-civil-cooperadora-escuela-normal-superior-dr-alejandro-carbo","status":"publish","type":"post","link":"https:\/\/enscarbo-cba.infd.edu.ar\/sitio\/asociacion-civil-cooperadora-escuela-normal-superior-dr-alejandro-carbo\/","title":{"rendered":"ASOCIACI\u00d3N CIVIL COOPERADORA &#8211; ESCUELA NORMAL SUPERIOR DR. ALEJANDRO CARB\u00d3"},"content":{"rendered":"\n<p>CONVOCATORIA A ASAMBLEA EXTRAORDINARIA<\/p>\n\n\n\n<p>La comisi\u00f3n directiva de la \u00abAsociacion Civil Cooperadora Escuela Normal Superior Dr. Alejandro Carb\u00f3\u00bb, convoca a Asamblea General Extraordinaria a celebrarse el pr\u00f3ximo d\u00eda 06 de diciembre de 2021 a las 18 hs. Media hora despu\u00e9s de la hora fijada y con la cantidad de asociados presentes se dar\u00e1 comienzo a la Asamblea, seg\u00fan art\u00edculo 35 del Estatuto, en la sede del establecimiento escolar sito en la Avenida Col\u00f3n 951 de la Ciudad de C\u00f3rdoba, a fin de tratar el siguiente orden del d\u00eda: 1) Designaci\u00f3n de 2 (dos) socios asamble\u00edstas para suscribir el acta de la Asamblea. 2) Reforma por Sustituci\u00f3n del estatuto social vigente Resoluci\u00f3n 239- A- 1992 de la DGIPJ en los t\u00e9rminos del Decreto 1100\/2015 seg\u00fan lo establecen los art\u00edculos 31, 32, 36 y 46. Director a Cargo y Comisi\u00f3n Directiva \u00abAsociaci\u00f3n Civil Cooperadora Escuela Normal Superior Dr. Alejandro Carb\u00f3\u00bb.<\/p>\n","protected":false},"excerpt":{"rendered":"<p>CONVOCATORIA A ASAMBLEA EXTRAORDINARIA La comisi\u00f3n directiva de la \u00abAsociacion Civil Cooperadora Escuela Normal Superior Dr. Alejandro Carb\u00f3\u00bb, convoca a Asamblea General Extraordinaria a celebrarse el pr\u00f3ximo d\u00eda 06 de diciembre de 2021 a las 18 hs. Media hora despu\u00e9s de la hora fijada y con la cantidad de asociados presentes se dar\u00e1 comienzo a &#8230; <a title=\"ASOCIACI\u00d3N CIVIL COOPERADORA &#8211; ESCUELA NORMAL SUPERIOR DR. ALEJANDRO CARB\u00d3\" class=\"read-more\" href=\"https:\/\/enscarbo-cba.infd.edu.ar\/sitio\/asociacion-civil-cooperadora-escuela-normal-superior-dr-alejandro-carbo\/\" aria-label=\"More on ASOCIACI\u00d3N CIVIL COOPERADORA &#8211; ESCUELA NORMAL SUPERIOR DR. ALEJANDRO CARB\u00d3\">[+]<\/a><\/p>\n","protected":false},"author":7,"featured_media":0,"comment_status":"open","ping_status":"open","sticky":false,"template":"","format":"standard","meta":[],"categories":[19],"tags":[36],"acf":[],"_links":{"self":[{"href":"https:\/\/enscarbo-cba.infd.edu.ar\/sitio\/wp-json\/wp\/v2\/posts\/3565"}],"collection":[{"href":"https:\/\/enscarbo-cba.infd.edu.ar\/sitio\/wp-json\/wp\/v2\/posts"}],"about":[{"href":"https:\/\/enscarbo-cba.infd.edu.ar\/sitio\/wp-json\/wp\/v2\/types\/post"}],"author":[{"embeddable":true,"href":"https:\/\/enscarbo-cba.infd.edu.ar\/sitio\/wp-json\/wp\/v2\/users\/7"}],"replies":[{"embeddable":true,"href":"https:\/\/enscarbo-cba.infd.edu.ar\/sitio\/wp-json\/wp\/v2\/comments?post=3565"}],"version-history":[{"count":2,"href":"https:\/\/enscarbo-cba.infd.edu.ar\/sitio\/wp-json\/wp\/v2\/posts\/3565\/revisions"}],"predecessor-version":[{"id":3567,"href":"https:\/\/enscarbo-cba.infd.edu.ar\/sitio\/wp-json\/wp\/v2\/posts\/3565\/revisions\/3567"}],"wp:attachment":[{"href":"https:\/\/enscarbo-cba.infd.edu.ar\/sitio\/wp-json\/wp\/v2\/media?parent=3565"}],"wp:term":[{"taxonomy":"category","embeddable":true,"href":"https:\/\/enscarbo-cba.infd.edu.ar\/sitio\/wp-json\/wp\/v2\/categories?post=3565"},{"taxonomy":"post_tag","embeddable":true,"href":"https:\/\/enscarbo-cba.infd.edu.ar\/sitio\/wp-json\/wp\/v2\/tags?post=3565"}],"curies":[{"name":"wp","href":"https:\/\/api.w.org\/{rel}","templated":true}]}}