{"id":5013,"date":"2023-09-14T23:06:49","date_gmt":"2023-09-15T02:06:49","guid":{"rendered":"https:\/\/enscarbo-cba.infd.edu.ar\/sitio\/?p=5013"},"modified":"2023-10-25T03:14:29","modified_gmt":"2023-10-25T06:14:29","slug":"strongproyecto-de-fortalecimiento-al-egreso-ensac-strong","status":"publish","type":"post","link":"https:\/\/enscarbo-cba.infd.edu.ar\/sitio\/strongproyecto-de-fortalecimiento-al-egreso-ensac-strong\/","title":{"rendered":"<strong>Proyecto de Fortalecimiento al Egreso ENSAC<\/strong>"},"content":{"rendered":"\n<p>A pedido del Centro de Estudiantes, desde Vicedirecci\u00f3n y Coordinaci\u00f3n de Curso se puso en marcha para las Mesas de Septiembre el&nbsp; <strong>Proyecto de Fortalecimiento al Egreso, <\/strong>desde este espacio queremos <a><\/a>acompa\u00f1arte como Instituci\u00f3n mediante tutor\u00edas para que puedas aprobar esas materias que te quedaron previas. Los ex alumnos tambi\u00e9n pueden participar.<\/p>\n\n\n\n<p>Para participar de estas Tutor\u00edas es necesario que <mark style=\"background-color:var(--base)\" class=\"has-inline-color\">te inscribas en el formulario<\/mark> de cada materia. Se recomienda revisar los Modelos de Ex\u00e1menes, Programas y Contenidos de la materia a rendir para poder dejar en el formulario tus consultas o dudas puntuales. Acudir con los temas estudiados y preguntas espec\u00edficas ser\u00e1 la mejor manera de aprovechar este espacio, ya que los docentes no dar\u00e1n una clase te\u00f3rica de toda la materia, s\u00f3lo atender\u00e1n dudas y consultas . Las Tutor\u00edas ser\u00e1n v\u00eda Meet en los horarios que se detallan en cada materia.<\/p>\n\n\n\n<p>Las materias confirmadas hasta ahora son:<\/p>\n\n\n\n<div class=\"wp-block-group is-layout-constrained\"><div class=\"wp-block-group__inner-container\">\n<h2 class=\"wp-block-heading\"><strong>Franc\u00e9s de 4\u00b0 , 5\u00b0 y 6\u00b0<\/strong> <\/h2>\n\n\n\n<p><strong><em>Profesora Mabel Aguilar<\/em><\/strong>: <a rel=\"noreferrer noopener\" href=\"https:\/\/forms.gle\/QX87AK5Ee1kkmGUy7\" target=\"_blank\">Enlace para inscripci\u00f3n y consultas<\/a> <\/p>\n\n\n\n<p><em>D\u00edas y horario de Clase de Consulta:&nbsp; <\/em><\/p>\n\n\n\n<p><strong>Jueves, 14 de septiembre<\/strong>&nbsp; de 18:30 a 19:30pm<\/p>\n\n\n\n<p><strong>Viernes, 22 de septiembre<\/strong> de 16:00 a 18:00pm. <\/p>\n\n\n\n<p><\/p>\n\n\n\n<h2 class=\"wp-block-heading\"><strong>Matem\u00e1ticas de 1\u00b0, 2\u00b0 y 3\u00b0<\/strong><\/h2>\n\n\n\n<p><strong>Profesora<\/strong> <strong><em>Carolina Estevez<\/em><\/strong>. <a rel=\"noreferrer noopener\" href=\"https:\/\/forms.gle\/r763Gv9Ne4wstkhc9\" target=\"_blank\">Enlace para inscripci\u00f3n y consultas<\/a>: <\/p>\n\n\n\n<p><em>D\u00edas y horario de Clase de Consulta:&nbsp;<\/em><\/p>\n\n\n\n<p>&nbsp;<strong>Lunes 18 de septiembre&nbsp; de 17:00 a 18:00<\/strong><\/p>\n\n\n\n<p><strong>&nbsp;Martes 26 de septiembre de 19:00 a 20:00<\/strong><\/p>\n\n\n\n<p><\/p>\n\n\n\n<h2 class=\"wp-block-heading\"><strong>Matem\u00e1ticas de 4\u00b0, 5\u00b0 y 6\u00b0<\/strong><\/h2>\n\n\n\n<p><em><strong>Profesora Bel\u00e9n Osta.<\/strong><\/em> <a rel=\"noreferrer noopener\" href=\"https:\/\/forms.gle\/scapPmMfr8qfELqWA\" target=\"_blank\">Enlace para inscripci\u00f3n y consultas<\/a><\/p>\n\n\n\n<p><em>&nbsp;D\u00edas y horario de Clase de Consulta:&nbsp;<\/em><\/p>\n\n\n\n<p><strong>Lunes 18 de septiembre&nbsp; de 18:00 a 19:00<\/strong><\/p>\n\n\n\n<p><strong>Lunes 25 de septiembre de 18:00 a 19:00<\/strong><\/p>\n\n\n\n<p><\/p>\n\n\n\n<h2 class=\"wp-block-heading\"><strong>Lengua y Literatura de 5\u00b0 y 6\u00b0<\/strong><\/h2>\n\n\n\n<p>Profesor Yair Buonfiglio.&nbsp; <a href=\"https:\/\/forms.gle\/zAjta5Ea7yA4gSL59\" target=\"_blank\" rel=\"noreferrer noopener\">Enlace para inscripci\u00f3n y consultas<\/a><\/p>\n\n\n\n<p><em>D\u00eda y horario de Clase de Consulta:&nbsp;<\/em><\/p>\n\n\n\n<p><strong>Jueves&nbsp; 21 de septiembre&nbsp; de 20:00 a 21:30<\/strong><\/p>\n\n\n\n<p><\/p>\n\n\n\n<p>Como parte del Proyecto ponemos a disposici\u00f3n tambi\u00e9n una carpeta con <a rel=\"noreferrer noopener\" href=\"https:\/\/drive.google.com\/drive\/folders\/19lcJidWMKwT5xGNCYgnHfogN2XnzRsLp?usp=drive_link\" target=\"_blank\">Modelos de Ex\u00e1menes<\/a> (<strong><em>NO SON LAS EVALUACIONES A TOMAR<\/em><\/strong>) son ejemplos de que temas y tipo de preguntas&nbsp; se podr\u00edan llegar a hacer, para que sirva de repaso. Se recomienda su realizaci\u00f3n para las consultas. <\/p>\n\n\n\n<p>Puedes consultar algunos aqu\u00ed algunos<strong><a rel=\"noreferrer noopener\" href=\"https:\/\/drive.google.com\/drive\/folders\/1iExsjm-ChjnNy124eht1iwdIwO7JJQFG?usp=sharing\" target=\"_blank\"> Programas 2023<\/a><\/strong>, o dirigirte a la Librer\u00eda Squadra: Av. Col\u00f3n 868 si no est\u00e1 en el que necesitas.<\/p>\n\n\n\n<p class=\"has-text-align-right\"><strong><em>\u00a1Sac\u00e1 esa previa! \u00a1Estamos a tu disposici\u00f3n!<\/em><\/strong><br>Por consultas: Coordinaci\u00f3n de curso, mail: <a rel=\"noreferrer noopener\" href=\"mailto:coordperrone@gmail.com\" target=\"_blank\">coordperrone@gmail.com<\/a><\/p>\n<\/div><\/div>\n","protected":false},"excerpt":{"rendered":"<p>A pedido del Centro de Estudiantes, desde Vicedirecci\u00f3n y Coordinaci\u00f3n de Curso se puso en marcha para las Mesas de Septiembre el&nbsp; Proyecto de Fortalecimiento al Egreso, desde este espacio queremos acompa\u00f1arte como Instituci\u00f3n mediante tutor\u00edas para que puedas aprobar esas materias que te quedaron previas. Los ex alumnos tambi\u00e9n pueden participar. Para participar de &#8230; <a title=\"Proyecto de Fortalecimiento al Egreso ENSAC\" class=\"read-more\" href=\"https:\/\/enscarbo-cba.infd.edu.ar\/sitio\/strongproyecto-de-fortalecimiento-al-egreso-ensac-strong\/\" aria-label=\"More on Proyecto de Fortalecimiento al Egreso ENSAC\">[+]<\/a><\/p>\n","protected":false},"author":7,"featured_media":0,"comment_status":"closed","ping_status":"closed","sticky":false,"template":"","format":"standard","meta":[],"categories":[19],"tags":[],"acf":[],"_links":{"self":[{"href":"https:\/\/enscarbo-cba.infd.edu.ar\/sitio\/wp-json\/wp\/v2\/posts\/5013"}],"collection":[{"href":"https:\/\/enscarbo-cba.infd.edu.ar\/sitio\/wp-json\/wp\/v2\/posts"}],"about":[{"href":"https:\/\/enscarbo-cba.infd.edu.ar\/sitio\/wp-json\/wp\/v2\/types\/post"}],"author":[{"embeddable":true,"href":"https:\/\/enscarbo-cba.infd.edu.ar\/sitio\/wp-json\/wp\/v2\/users\/7"}],"replies":[{"embeddable":true,"href":"https:\/\/enscarbo-cba.infd.edu.ar\/sitio\/wp-json\/wp\/v2\/comments?post=5013"}],"version-history":[{"count":3,"href":"https:\/\/enscarbo-cba.infd.edu.ar\/sitio\/wp-json\/wp\/v2\/posts\/5013\/revisions"}],"predecessor-version":[{"id":5019,"href":"https:\/\/enscarbo-cba.infd.edu.ar\/sitio\/wp-json\/wp\/v2\/posts\/5013\/revisions\/5019"}],"wp:attachment":[{"href":"https:\/\/enscarbo-cba.infd.edu.ar\/sitio\/wp-json\/wp\/v2\/media?parent=5013"}],"wp:term":[{"taxonomy":"category","embeddable":true,"href":"https:\/\/enscarbo-cba.infd.edu.ar\/sitio\/wp-json\/wp\/v2\/categories?post=5013"},{"taxonomy":"post_tag","embeddable":true,"href":"https:\/\/enscarbo-cba.infd.edu.ar\/sitio\/wp-json\/wp\/v2\/tags?post=5013"}],"curies":[{"name":"wp","href":"https:\/\/api.w.org\/{rel}","templated":true}]}}