{"id":6008,"date":"2024-08-20T12:37:00","date_gmt":"2024-08-20T15:37:00","guid":{"rendered":"https:\/\/enscarbo-cba.infd.edu.ar\/sitio\/?p=6008"},"modified":"2024-08-22T20:13:03","modified_gmt":"2024-08-22T23:13:03","slug":"cooperadora-asamblea-general-ordinaria-2024","status":"publish","type":"post","link":"https:\/\/enscarbo-cba.infd.edu.ar\/sitio\/cooperadora-asamblea-general-ordinaria-2024\/","title":{"rendered":"COOPERADORA: Asamblea General Ordinaria 2024"},"content":{"rendered":"<p><span style=\"font-weight: 400;\">A LA COMUNIDAD EDUCATIVA DE LA ESCUELA NORMAL SUP. DR ALEJANDRO CARBO\u00a0<\/span><\/p>\n<p><span style=\"font-weight: 400;\">Se informa que el pr\u00f3ximo 5 de septiembre del 2024 a las 18 horas en la sede social de la Escuela, sito en avenida col\u00f3n 951, se llevar\u00e1 a Cabo la <\/span><b>ASAMBLEA GENERAL ORDINARIA 2024 de la Asociaci\u00f3n Civil Cooperadora Escuela Normal Superior Dr Alejandro Carbo<\/b><span style=\"font-weight: 400;\">, con el siguiente orden del d\u00eda:<\/span><\/p>\n<ol>\n<li><span style=\"font-weight: 400;\">Lectura y consideraci\u00f3n de los estados contables, memoria e informe de la comisi\u00f3n revisora de cuentas para su aprobaci\u00f3n correspondiente al ejercicio econ\u00f3mico N\u00ba32( per\u00edodo 1-1-2023 hasta el 31-12-2023).<\/span><\/li>\n<li><span style=\"font-weight: 400;\">Elecci\u00f3n de autoridades de <\/span><b>8 miembros socios activos para integrar la nueva comisi\u00f3n directiva <\/b><span style=\"font-weight: 400;\">integrada por 5 miembros titulares; 3 suplentes;\u00a0 y <\/span><b>4 miembros para integrar la comisi\u00f3n revisora de cuentas<\/b><span style=\"font-weight: 400;\">( 3 titulares y 1 suplente).<\/span><\/li>\n<li><span style=\"font-weight: 400;\">Fijar montos: pago de cuota social y forma de pago; aportes colaborativos u otras contribuciones. <\/span><\/li>\n<li>Convocatoria a reuni\u00f3n de nueva comisi\u00f3n electa para tratar el plan de trabajo anual (2024)<\/li>\n<\/ol>\n<p><span style=\"font-weight: 400;\">Importante:\u00a0<\/span><\/p>\n<p><b>Deber\u00e1n participar todos los socios activos(<\/b><span style=\"font-weight: 400;\">art. 7 del estatuto social): adultos y estudiantes mayores de 18 a\u00f1os( estudiantes del Nivel Superior):<\/span><\/p>\n<ul>\n<li style=\"font-weight: 400;\" aria-level=\"1\"><span style=\"font-weight: 400;\">socios que pagaron su cuota social 2023 y 2024.<\/span><\/li>\n<li style=\"font-weight: 400;\" aria-level=\"1\"><span style=\"font-weight: 400;\">socios que pagaron su cuota social 2024.<\/span><\/li>\n<\/ul>\n<p style=\"text-align: center;\"><strong><i style=\"font-size: revert;\">Es importante la participaci\u00f3n de todos los socios!!<\/i><\/strong><\/p>\n<p style=\"text-align: right;\"><i><span style=\"font-weight: 400;\">\u00a0Atte. <\/span><\/i><\/p>\n<p style=\"text-align: right;\"><i><span style=\"font-weight: 400;\">EQUIPO DIRECTIVO<\/span><\/i><\/p>\n<p><br style=\"font-weight: 400;\" \/><br style=\"font-weight: 400;\" \/><\/p>\n","protected":false},"excerpt":{"rendered":"<p>A LA COMUNIDAD EDUCATIVA DE LA ESCUELA NORMAL SUP. DR ALEJANDRO CARBO\u00a0 Se informa que el pr\u00f3ximo 5 de septiembre del 2024 a las 18 horas en la sede social de la Escuela, sito en avenida col\u00f3n 951, se llevar\u00e1 a Cabo la ASAMBLEA GENERAL ORDINARIA 2024 de la Asociaci\u00f3n Civil Cooperadora Escuela Normal Superior &#8230; <a title=\"COOPERADORA: Asamblea General Ordinaria 2024\" class=\"read-more\" href=\"https:\/\/enscarbo-cba.infd.edu.ar\/sitio\/cooperadora-asamblea-general-ordinaria-2024\/\" aria-label=\"More on COOPERADORA: Asamblea General Ordinaria 2024\">[+]<\/a><\/p>\n","protected":false},"author":7,"featured_media":0,"comment_status":"open","ping_status":"open","sticky":false,"template":"","format":"standard","meta":[],"categories":[19],"tags":[],"acf":[],"_links":{"self":[{"href":"https:\/\/enscarbo-cba.infd.edu.ar\/sitio\/wp-json\/wp\/v2\/posts\/6008"}],"collection":[{"href":"https:\/\/enscarbo-cba.infd.edu.ar\/sitio\/wp-json\/wp\/v2\/posts"}],"about":[{"href":"https:\/\/enscarbo-cba.infd.edu.ar\/sitio\/wp-json\/wp\/v2\/types\/post"}],"author":[{"embeddable":true,"href":"https:\/\/enscarbo-cba.infd.edu.ar\/sitio\/wp-json\/wp\/v2\/users\/7"}],"replies":[{"embeddable":true,"href":"https:\/\/enscarbo-cba.infd.edu.ar\/sitio\/wp-json\/wp\/v2\/comments?post=6008"}],"version-history":[{"count":1,"href":"https:\/\/enscarbo-cba.infd.edu.ar\/sitio\/wp-json\/wp\/v2\/posts\/6008\/revisions"}],"predecessor-version":[{"id":6009,"href":"https:\/\/enscarbo-cba.infd.edu.ar\/sitio\/wp-json\/wp\/v2\/posts\/6008\/revisions\/6009"}],"wp:attachment":[{"href":"https:\/\/enscarbo-cba.infd.edu.ar\/sitio\/wp-json\/wp\/v2\/media?parent=6008"}],"wp:term":[{"taxonomy":"category","embeddable":true,"href":"https:\/\/enscarbo-cba.infd.edu.ar\/sitio\/wp-json\/wp\/v2\/categories?post=6008"},{"taxonomy":"post_tag","embeddable":true,"href":"https:\/\/enscarbo-cba.infd.edu.ar\/sitio\/wp-json\/wp\/v2\/tags?post=6008"}],"curies":[{"name":"wp","href":"https:\/\/api.w.org\/{rel}","templated":true}]}}