{"id":6018,"date":"2024-08-21T12:46:00","date_gmt":"2024-08-21T15:46:00","guid":{"rendered":"https:\/\/enscarbo-cba.infd.edu.ar\/sitio\/?p=6018"},"modified":"2024-10-29T21:00:05","modified_gmt":"2024-10-30T00:00:05","slug":"plan-fines-preinscripciones-abier","status":"publish","type":"post","link":"https:\/\/enscarbo-cba.infd.edu.ar\/sitio\/plan-fines-preinscripciones-abier\/","title":{"rendered":"PLAN FinEs: Preinscripciones abiertas"},"content":{"rendered":"<p><b>Preinscripciones abiertas para terminar el secundario con el Plan FinEs<\/b><\/p>\n<p>Hasta el <b>31 de agosto est\u00e1n abiertas las preinscripciones <\/b>para mayores de 18 a\u00f1os que no hayan completado la escolaridad obligatoria. <strong>Las preinscripciones corresponden a la opci\u00f3n deudores de materias.<\/strong><\/p>\n<p>El Ministerio de Educaci\u00f3n de la Provincia, a trav\u00e9s de la Direcci\u00f3n General de Educaci\u00f3n de J\u00f3venes y Adultos, informa que s<strong>e encuentra abierta la preinscripci\u00f3n 2024 del Plan nacional de Finalizaci\u00f3n de Estudios Secundarios para J\u00f3venes y Adultos (FinES)<\/strong>, para los interesados radicados en territorio cordob\u00e9s: deudores de materias.<\/p>\n<p>En la l\u00ednea deudores de materias de esta nueva edici\u00f3n podr\u00e1n inscribirse quienes cumplan los siguientes requisitos:<\/p>\n<ul>\n<li>Tener 18 a\u00f1os o m\u00e1s<\/li>\n<li>Haber finalizado los estudios secundarios de manera regular en el a\u00f1o 2022 o anteriores y adeudar materias<\/li>\n<li>Tener domicilio en la provincia de C\u00f3rdoba<\/li>\n<li>No pertenecer a escuelas t\u00e9cnicas (cualquiera sea la orientaci\u00f3n)<\/li>\n<\/ul>\n<p>Las inscripciones se llevar\u00e1n a cabo desde el 16 al 31 de agosto en el siguiente enlace: <a href=\"https:\/\/forms.gle\/iTim7RSfxwWKoCAGA\" target=\"_blank\" rel=\"noopener\" data-saferedirecturl=\"https:\/\/www.google.com\/url?q=https:\/\/forms.gle\/iTim7RSfxwWKoCAGA&amp;source=gmail&amp;ust=1724448694315000&amp;usg=AOvVaw1Ma1lk-TbPVAowS8s1nFbZ\">https:\/\/forms.gle\/<wbr \/>iTim7RSfxwWKoCAGA<\/a><\/p>\n<div style=\"text-align: left;\"><strong>FinEs habilita que las y los estudiantes puedan rendir cualquier asignatura de cualquier a\u00f1o y equivalencias, tanto en este plan como en su escuela de origen, siempre que el domicilio actual de la\/el aspirante est\u00e9 en la provincia de C\u00f3rdoba.<\/strong><\/div>\n<div style=\"text-align: left;\">En caso de que la <strong>escuela de origen sea de orientaci\u00f3n t\u00e9cnica<\/strong>, deber\u00e1n dirigirse por mail a FinEsTec: <a href=\"mailto:finestec467@gmail.com\" target=\"_blank\" rel=\"noopener\">finestec467@gmail.com<\/a><\/div>\n<div style=\"text-align: left;\">Por <strong>cualquier duda o consulta<\/strong>, el Gobierno de C\u00f3rdoba puso a disposici\u00f3n el siguiente correo electr\u00f3nico: <a href=\"mailto:plan.fines@me.cba.gov.ar\" target=\"_blank\" rel=\"noopener\">plan.fines@me.cba.gov.ar<\/a> o podr\u00e1n consultar personalmente en Av. Col\u00f3n 778 \u2013 Planta Baja \u2013 Ciudad de C\u00f3rdoba, en el horario de 08.00 a 18.00 hs.<\/div>\n","protected":false},"excerpt":{"rendered":"<p>Preinscripciones abiertas para terminar el secundario con el Plan FinEs Hasta el 31 de agosto est\u00e1n abiertas las preinscripciones para mayores de 18 a\u00f1os que no hayan completado la escolaridad obligatoria. Las preinscripciones corresponden a la opci\u00f3n deudores de materias. El Ministerio de Educaci\u00f3n de la Provincia, a trav\u00e9s de la Direcci\u00f3n General de Educaci\u00f3n &#8230; <a title=\"PLAN FinEs: Preinscripciones abiertas\" class=\"read-more\" href=\"https:\/\/enscarbo-cba.infd.edu.ar\/sitio\/plan-fines-preinscripciones-abier\/\" aria-label=\"More on PLAN FinEs: Preinscripciones abiertas\">[+]<\/a><\/p>\n","protected":false},"author":7,"featured_media":0,"comment_status":"closed","ping_status":"closed","sticky":false,"template":"","format":"standard","meta":[],"categories":[19],"tags":[37],"acf":[],"_links":{"self":[{"href":"https:\/\/enscarbo-cba.infd.edu.ar\/sitio\/wp-json\/wp\/v2\/posts\/6018"}],"collection":[{"href":"https:\/\/enscarbo-cba.infd.edu.ar\/sitio\/wp-json\/wp\/v2\/posts"}],"about":[{"href":"https:\/\/enscarbo-cba.infd.edu.ar\/sitio\/wp-json\/wp\/v2\/types\/post"}],"author":[{"embeddable":true,"href":"https:\/\/enscarbo-cba.infd.edu.ar\/sitio\/wp-json\/wp\/v2\/users\/7"}],"replies":[{"embeddable":true,"href":"https:\/\/enscarbo-cba.infd.edu.ar\/sitio\/wp-json\/wp\/v2\/comments?post=6018"}],"version-history":[{"count":3,"href":"https:\/\/enscarbo-cba.infd.edu.ar\/sitio\/wp-json\/wp\/v2\/posts\/6018\/revisions"}],"predecessor-version":[{"id":6323,"href":"https:\/\/enscarbo-cba.infd.edu.ar\/sitio\/wp-json\/wp\/v2\/posts\/6018\/revisions\/6323"}],"wp:attachment":[{"href":"https:\/\/enscarbo-cba.infd.edu.ar\/sitio\/wp-json\/wp\/v2\/media?parent=6018"}],"wp:term":[{"taxonomy":"category","embeddable":true,"href":"https:\/\/enscarbo-cba.infd.edu.ar\/sitio\/wp-json\/wp\/v2\/categories?post=6018"},{"taxonomy":"post_tag","embeddable":true,"href":"https:\/\/enscarbo-cba.infd.edu.ar\/sitio\/wp-json\/wp\/v2\/tags?post=6018"}],"curies":[{"name":"wp","href":"https:\/\/api.w.org\/{rel}","templated":true}]}}