{"id":6101,"date":"2024-08-22T08:16:00","date_gmt":"2024-08-22T11:16:00","guid":{"rendered":"https:\/\/enscarbo-cba.infd.edu.ar\/sitio\/?p=6101"},"modified":"2024-09-19T18:44:15","modified_gmt":"2024-09-19T21:44:15","slug":"6101-2","status":"publish","type":"post","link":"https:\/\/enscarbo-cba.infd.edu.ar\/sitio\/6101-2\/","title":{"rendered":"*ASAMBLEA GENERAL ORDINARIA 2024 de la Asociaci\u00f3n Civil Cooperadora"},"content":{"rendered":"\n<p><\/p>\n\n\n<div>A LA COMUNIDAD EDUCATIVA DE LA ESCUELA NORMAL SUP. DR ALEJANDRO CARBO\u00a0<\/div>\n<div>\u00a0<\/div>\n<div>Se informa que el pr\u00f3ximo 5 de septiembre del 2024 a las 18 horas en la sede social de la Escuela, sito en avenida col\u00f3n 951, se llevar\u00e1 a Cabo la\u00a0<b>ASAMBLEA GENERAL ORDINARIA 2024 de la Asociaci\u00f3n Civil Cooperadora Escuela Normal Superior Dr Alejandro Carbo<\/b>, con el siguiente orden del d\u00eda:<\/div>\n<div>\n<ol>\n<li>Lectura y consideraci\u00f3n de los estados contables, memoria e informe de la comisi\u00f3n revisora de cuentas para su aprobaci\u00f3n correspondiente al ejercicio econ\u00f3mico N\u00ba32( per\u00edodo 1-1-2023 hasta el 31-12-2023).<\/li>\n<li>Elecci\u00f3n de autoridades de\u00a0<b>8 miembros socios activos para integrar la nueva comisi\u00f3n directiva\u00a0<\/b>integrada por 5 miembros titulares; 3 suplentes;\u00a0 y\u00a0<b>4 miembros para integrar la comisi\u00f3n revisora de cuentas<\/b>( 3 titulares y 1 suplente).<\/li>\n<li>Fijar montos: pago de cuota social y forma de pago; aportes colaborativos u otras contribuciones.<\/li>\n<li>Convocatoria a reuni\u00f3n de nueva comisi\u00f3n electa para tratar el plan de trabajo anual (2024)<\/li>\n<\/ol>\n<\/div>\n<div><strong>Importante:\u00a0<\/strong><\/div>\n<div>\u00a0<\/div>\n<div><b>Deber\u00e1n participar todos los socios activos(<\/b>art. 7 del estatuto social): adultos y estudiantes mayores de 18 a\u00f1os( estudiantes del Nivel Superior):<\/div>\n<div>\u00a0<\/div>\n<div>\n<ul>\n<li aria-level=\"1\">socios que pagaron su cuota social 2023 y 2024.<\/li>\n<\/ul>\n<\/div>\n<div>\n<ul>\n<li aria-level=\"1\">socios que pagaron su cuota social 2024.<\/li>\n<\/ul>\n<\/div>\n<div>\n<h5 style=\"text-align: center;\"><strong><i>Es importante la participaci\u00f3n de todos los socios.<\/i><\/strong><\/h5>\n<div>\n<p style=\"text-align: right;\"><i>Atte.<\/i><\/p>\n<\/div>\n<div>\n<h5 style=\"text-align: right;\"><i>EQUIPO DIRECTIVO<\/i><\/h5>\n<\/div>\n<\/div>","protected":false},"excerpt":{"rendered":"<p>A LA COMUNIDAD EDUCATIVA DE LA ESCUELA NORMAL SUP. DR ALEJANDRO CARBO\u00a0 \u00a0 Se informa que el pr\u00f3ximo 5 de septiembre del 2024 a las 18 horas en la sede social de la Escuela, sito en avenida col\u00f3n 951, se llevar\u00e1 a Cabo la\u00a0ASAMBLEA GENERAL ORDINARIA 2024 de la Asociaci\u00f3n Civil Cooperadora Escuela Normal Superior &#8230; <a title=\"*ASAMBLEA GENERAL ORDINARIA 2024 de la Asociaci\u00f3n Civil Cooperadora\" class=\"read-more\" href=\"https:\/\/enscarbo-cba.infd.edu.ar\/sitio\/6101-2\/\" aria-label=\"More on *ASAMBLEA GENERAL ORDINARIA 2024 de la Asociaci\u00f3n Civil Cooperadora\">[+]<\/a><\/p>\n","protected":false},"author":4118,"featured_media":0,"comment_status":"closed","ping_status":"closed","sticky":false,"template":"","format":"standard","meta":[],"categories":[57],"tags":[],"acf":[],"_links":{"self":[{"href":"https:\/\/enscarbo-cba.infd.edu.ar\/sitio\/wp-json\/wp\/v2\/posts\/6101"}],"collection":[{"href":"https:\/\/enscarbo-cba.infd.edu.ar\/sitio\/wp-json\/wp\/v2\/posts"}],"about":[{"href":"https:\/\/enscarbo-cba.infd.edu.ar\/sitio\/wp-json\/wp\/v2\/types\/post"}],"author":[{"embeddable":true,"href":"https:\/\/enscarbo-cba.infd.edu.ar\/sitio\/wp-json\/wp\/v2\/users\/4118"}],"replies":[{"embeddable":true,"href":"https:\/\/enscarbo-cba.infd.edu.ar\/sitio\/wp-json\/wp\/v2\/comments?post=6101"}],"version-history":[{"count":3,"href":"https:\/\/enscarbo-cba.infd.edu.ar\/sitio\/wp-json\/wp\/v2\/posts\/6101\/revisions"}],"predecessor-version":[{"id":6104,"href":"https:\/\/enscarbo-cba.infd.edu.ar\/sitio\/wp-json\/wp\/v2\/posts\/6101\/revisions\/6104"}],"wp:attachment":[{"href":"https:\/\/enscarbo-cba.infd.edu.ar\/sitio\/wp-json\/wp\/v2\/media?parent=6101"}],"wp:term":[{"taxonomy":"category","embeddable":true,"href":"https:\/\/enscarbo-cba.infd.edu.ar\/sitio\/wp-json\/wp\/v2\/categories?post=6101"},{"taxonomy":"post_tag","embeddable":true,"href":"https:\/\/enscarbo-cba.infd.edu.ar\/sitio\/wp-json\/wp\/v2\/tags?post=6101"}],"curies":[{"name":"wp","href":"https:\/\/api.w.org\/{rel}","templated":true}]}}