{"id":6142,"date":"2024-10-01T17:30:00","date_gmt":"2024-10-01T20:30:00","guid":{"rendered":"https:\/\/enscarbo-cba.infd.edu.ar\/sitio\/?p=6142"},"modified":"2024-10-03T23:33:05","modified_gmt":"2024-10-04T02:33:05","slug":"asi-vivimos-la-maraton-nacional-de-lectura-en-la-ensac","status":"publish","type":"post","link":"https:\/\/enscarbo-cba.infd.edu.ar\/sitio\/asi-vivimos-la-maraton-nacional-de-lectura-en-la-ensac\/","title":{"rendered":"As\u00ed vivimos la Marat\u00f3n Nacional de Lectura en la ENSAC:"},"content":{"rendered":"<p>El pasado viernes 27 de septiembre, las y los estudiantes de la ENSAC participaron en la <strong>22\u00ba Marat\u00f3n Nacional de Lectura<\/strong>.\u00a0<\/p>\n\n\n<figure class=\"wp-block-video aligncenter\"><video controls src=\"https:\/\/enscarbo-cba.infd.edu.ar\/sitio\/wp-content\/uploads\/2024\/10\/VIDEO_MARATON_DE_LECTURA-3-1.mp4\"><\/video><\/figure>\n\n\n<p>Bajo el lema de este a\u00f1o, <strong>\u201centre risas, carcajadas e iron\u00edas. Cuando el humor irrumpe en la literatura\u201d<\/strong>, junto a instituciones de todo el territorio argentino, celebramos una nueva Marat\u00f3n. Organizada por la <a href=\"https:\/\/www.leer.org\">Fundaci\u00f3n Leer<\/a>, y declarada de inter\u00e9s parlamentario por el Ministerio de Educaci\u00f3n de la Naci\u00f3n, se trat\u00f3 de una maravillosa oportunidad para disfrutar juntos de la lectura y, desde all\u00ed, preguntarnos <em><strong>c\u00f3mo hace la literatura para llevarnos a las risas y a las carcajadas<\/strong><\/em>.<\/p>\n<p><strong>\u00a1Ya est\u00e1 listo el diploma para nuestros participantes!<\/strong> Pueden descargarlo haciendo <a href=\"https:\/\/maraton.leer.org\/files\/Site\/MNL%202024\/Diploma\/Diploma_Maraton_Nacional_de_Lectura_2024.pdf\">click aqu\u00ed<\/a><\/p>","protected":false},"excerpt":{"rendered":"<p>El pasado viernes 27 de septiembre, las y los estudiantes de la ENSAC participaron en la 22\u00ba Marat\u00f3n Nacional de Lectura.\u00a0 Bajo el lema de este a\u00f1o, \u201centre risas, carcajadas e iron\u00edas. Cuando el humor irrumpe en la literatura\u201d, junto a instituciones de todo el territorio argentino, celebramos una nueva Marat\u00f3n. Organizada por la Fundaci\u00f3n &#8230; <a title=\"As\u00ed vivimos la Marat\u00f3n Nacional de Lectura en la ENSAC:\" class=\"read-more\" href=\"https:\/\/enscarbo-cba.infd.edu.ar\/sitio\/asi-vivimos-la-maraton-nacional-de-lectura-en-la-ensac\/\" aria-label=\"More on As\u00ed vivimos la Marat\u00f3n Nacional de Lectura en la ENSAC:\">[+]<\/a><\/p>\n","protected":false},"author":7,"featured_media":0,"comment_status":"open","ping_status":"open","sticky":false,"template":"","format":"standard","meta":[],"categories":[19],"tags":[],"acf":[],"_links":{"self":[{"href":"https:\/\/enscarbo-cba.infd.edu.ar\/sitio\/wp-json\/wp\/v2\/posts\/6142"}],"collection":[{"href":"https:\/\/enscarbo-cba.infd.edu.ar\/sitio\/wp-json\/wp\/v2\/posts"}],"about":[{"href":"https:\/\/enscarbo-cba.infd.edu.ar\/sitio\/wp-json\/wp\/v2\/types\/post"}],"author":[{"embeddable":true,"href":"https:\/\/enscarbo-cba.infd.edu.ar\/sitio\/wp-json\/wp\/v2\/users\/7"}],"replies":[{"embeddable":true,"href":"https:\/\/enscarbo-cba.infd.edu.ar\/sitio\/wp-json\/wp\/v2\/comments?post=6142"}],"version-history":[{"count":5,"href":"https:\/\/enscarbo-cba.infd.edu.ar\/sitio\/wp-json\/wp\/v2\/posts\/6142\/revisions"}],"predecessor-version":[{"id":6172,"href":"https:\/\/enscarbo-cba.infd.edu.ar\/sitio\/wp-json\/wp\/v2\/posts\/6142\/revisions\/6172"}],"wp:attachment":[{"href":"https:\/\/enscarbo-cba.infd.edu.ar\/sitio\/wp-json\/wp\/v2\/media?parent=6142"}],"wp:term":[{"taxonomy":"category","embeddable":true,"href":"https:\/\/enscarbo-cba.infd.edu.ar\/sitio\/wp-json\/wp\/v2\/categories?post=6142"},{"taxonomy":"post_tag","embeddable":true,"href":"https:\/\/enscarbo-cba.infd.edu.ar\/sitio\/wp-json\/wp\/v2\/tags?post=6142"}],"curies":[{"name":"wp","href":"https:\/\/api.w.org\/{rel}","templated":true}]}}