{"id":6146,"date":"2024-09-16T22:39:00","date_gmt":"2024-09-17T01:39:00","guid":{"rendered":"https:\/\/enscarbo-cba.infd.edu.ar\/sitio\/?p=6146"},"modified":"2024-10-03T23:47:39","modified_gmt":"2024-10-04T02:47:39","slug":"se-viene-la-maraton-de-lectura-en-la-ensac","status":"publish","type":"post","link":"https:\/\/enscarbo-cba.infd.edu.ar\/sitio\/se-viene-la-maraton-de-lectura-en-la-ensac\/","title":{"rendered":"\u00a1Se viene la Marat\u00f3n Nacional de Lectura en la ENSAC!"},"content":{"rendered":"<p>El pr\u00f3ximo <strong>viernes 27 de septiembre<\/strong>, invitamos a toda la comunidad educativa de la ENSAC a participar de la <a href=\"https:\/\/maraton.leer.org\/La-Maraton\/Sobre%20la%20Marat%C3%B3n\" target=\"_blank\" rel=\"noreferrer noopener\"><strong>Marat\u00f3n Nacional de Lectura<\/strong>, <\/a>una iniciativa de la <strong><a href=\"https:\/\/www.leer.org\">Fundaci\u00f3n Leer<\/a><\/strong> con el apoyo de la\u00a0<strong><a href=\"https:\/\/oei.int\/oficinas\/argentina\">Organizaci\u00f3n de los Estados Iberoamericanos<\/a> (OEI)<\/strong>.\u00a0<\/p>\n\n\n<figure class=\"wp-block-image size-full\"><img decoding=\"async\" loading=\"lazy\" width=\"904\" height=\"1280\" src=\"https:\/\/enscarbo-cba.infd.edu.ar\/sitio\/wp-content\/uploads\/2024\/10\/MARATON_DE_LECTURA_FLYER.jpeg\" alt=\"\" class=\"wp-image-6147\" srcset=\"https:\/\/enscarbo-cba.infd.edu.ar\/sitio\/wp-content\/uploads\/2024\/10\/MARATON_DE_LECTURA_FLYER.jpeg 904w, https:\/\/enscarbo-cba.infd.edu.ar\/sitio\/wp-content\/uploads\/2024\/10\/MARATON_DE_LECTURA_FLYER-706x1000.jpeg 706w, https:\/\/enscarbo-cba.infd.edu.ar\/sitio\/wp-content\/uploads\/2024\/10\/MARATON_DE_LECTURA_FLYER-768x1087.jpeg 768w\" sizes=\"(max-width: 904px) 100vw, 904px\" \/><\/figure>\n\n\n<p>La <strong>Marat\u00f3n Nacional de Lectura<\/strong> es una celebraci\u00f3n que invita a todas las instituciones educativas a que se sumen a <strong>una jornada de lectura<\/strong>. Ese d\u00eda, millones de chicas y chicos, j\u00f3venes y adultos estaremos leyendo y disfrutando de actividades de lectura en la <strong>edici\u00f3n n\u00famero 22 de la Marat\u00f3n<\/strong>.<\/p>\n<p>El lema de este a\u00f1o es <em><strong>\u00abEntre risas, carcajadas e iron\u00edas. Cuando el humor irrumpe en la literatura\u00bb<\/strong><\/em>, destacando la importancia de la lectura en la formaci\u00f3n de estudiantes de todas las edades.<\/p>","protected":false},"excerpt":{"rendered":"<p>El pr\u00f3ximo viernes 27 de septiembre, invitamos a toda la comunidad educativa de la ENSAC a participar de la Marat\u00f3n Nacional de Lectura, una iniciativa de la Fundaci\u00f3n Leer con el apoyo de la\u00a0Organizaci\u00f3n de los Estados Iberoamericanos (OEI).\u00a0 La Marat\u00f3n Nacional de Lectura es una celebraci\u00f3n que invita a todas las instituciones educativas a &#8230; <a title=\"\u00a1Se viene la Marat\u00f3n Nacional de Lectura en la ENSAC!\" class=\"read-more\" href=\"https:\/\/enscarbo-cba.infd.edu.ar\/sitio\/se-viene-la-maraton-de-lectura-en-la-ensac\/\" aria-label=\"More on \u00a1Se viene la Marat\u00f3n Nacional de Lectura en la ENSAC!\">[+]<\/a><\/p>\n","protected":false},"author":7,"featured_media":0,"comment_status":"open","ping_status":"open","sticky":false,"template":"","format":"standard","meta":[],"categories":[19],"tags":[37],"acf":[],"_links":{"self":[{"href":"https:\/\/enscarbo-cba.infd.edu.ar\/sitio\/wp-json\/wp\/v2\/posts\/6146"}],"collection":[{"href":"https:\/\/enscarbo-cba.infd.edu.ar\/sitio\/wp-json\/wp\/v2\/posts"}],"about":[{"href":"https:\/\/enscarbo-cba.infd.edu.ar\/sitio\/wp-json\/wp\/v2\/types\/post"}],"author":[{"embeddable":true,"href":"https:\/\/enscarbo-cba.infd.edu.ar\/sitio\/wp-json\/wp\/v2\/users\/7"}],"replies":[{"embeddable":true,"href":"https:\/\/enscarbo-cba.infd.edu.ar\/sitio\/wp-json\/wp\/v2\/comments?post=6146"}],"version-history":[{"count":5,"href":"https:\/\/enscarbo-cba.infd.edu.ar\/sitio\/wp-json\/wp\/v2\/posts\/6146\/revisions"}],"predecessor-version":[{"id":6171,"href":"https:\/\/enscarbo-cba.infd.edu.ar\/sitio\/wp-json\/wp\/v2\/posts\/6146\/revisions\/6171"}],"wp:attachment":[{"href":"https:\/\/enscarbo-cba.infd.edu.ar\/sitio\/wp-json\/wp\/v2\/media?parent=6146"}],"wp:term":[{"taxonomy":"category","embeddable":true,"href":"https:\/\/enscarbo-cba.infd.edu.ar\/sitio\/wp-json\/wp\/v2\/categories?post=6146"},{"taxonomy":"post_tag","embeddable":true,"href":"https:\/\/enscarbo-cba.infd.edu.ar\/sitio\/wp-json\/wp\/v2\/tags?post=6146"}],"curies":[{"name":"wp","href":"https:\/\/api.w.org\/{rel}","templated":true}]}}