{"id":6155,"date":"2024-10-03T17:47:00","date_gmt":"2024-10-03T20:47:00","guid":{"rendered":"https:\/\/enscarbo-cba.infd.edu.ar\/sitio\/?p=6155"},"modified":"2024-10-03T22:55:44","modified_gmt":"2024-10-04T01:55:44","slug":"encuentro-de-trabajo-en-interculturalidad-en-la-ensac","status":"publish","type":"post","link":"https:\/\/enscarbo-cba.infd.edu.ar\/sitio\/encuentro-de-trabajo-en-interculturalidad-en-la-ensac\/","title":{"rendered":"Encuentro de trabajo en interculturalidad en la ENSAC"},"content":{"rendered":"<p>El pasado jueves 26 de septiembre, tuvo lugar en nuestra Instituci\u00f3n un <strong>encuentro de trabajo sobre interculturalidad<\/strong> convocado por el \u00c1rea de Pol\u00edticas Estudiantiles de la DGES.<\/p>\n<p>Del evento participaron el Equipo de Gesti\u00f3n y docentes de la ENSAC, integrantes del Equipo Profesional de Acompa\u00f1amiento Educativo (EPAE) -Regi\u00f3n Capital-, y del equipo de Educaci\u00f3n Intercultural de la Subdirecci\u00f3n de Participaci\u00f3n de Participaci\u00f3n, Derechos y Comunidad.<\/p>\n\n\n<figure class=\"wp-block-image size-full\"><img decoding=\"async\" loading=\"lazy\" width=\"1739\" height=\"540\" src=\"https:\/\/enscarbo-cba.infd.edu.ar\/sitio\/wp-content\/uploads\/2024\/10\/INTERCULTURALIDAD-1.jpg\" alt=\"\" class=\"wp-image-6156\" srcset=\"https:\/\/enscarbo-cba.infd.edu.ar\/sitio\/wp-content\/uploads\/2024\/10\/INTERCULTURALIDAD-1.jpg 1739w, https:\/\/enscarbo-cba.infd.edu.ar\/sitio\/wp-content\/uploads\/2024\/10\/INTERCULTURALIDAD-1-1000x311.jpg 1000w, https:\/\/enscarbo-cba.infd.edu.ar\/sitio\/wp-content\/uploads\/2024\/10\/INTERCULTURALIDAD-1-768x238.jpg 768w, https:\/\/enscarbo-cba.infd.edu.ar\/sitio\/wp-content\/uploads\/2024\/10\/INTERCULTURALIDAD-1-1536x477.jpg 1536w\" sizes=\"(max-width: 1739px) 100vw, 1739px\" \/><\/figure>\n\n\n<p>Durante el encuentro, se trabaj\u00f3 en torno a la necesidad de capacitar al personal docente de todos los Niveles con el objetivo de promover pr\u00e1cticas relacionadas a la <strong>convivencia intercultural<\/strong>. En consecuencia del trabajo realizado previamente, se acord\u00f3 la <strong>organizaci\u00f3n de dos jornadas de trabajo para docentes y estudiantes de la escuela sobre la convivencia en la diversidad: una invitaci\u00f3n a repensar las pr\u00e1cticas cotidianas de interculturalidad hacia el interior de nuestra <\/strong><b>Instituci\u00f3n.<\/b><\/p>\n\n\n<div class=\"wp-block-columns is-layout-flex wp-container-2\">\n<div class=\"wp-block-column is-layout-flow\" style=\"flex-basis:100%\"><\/div>\n<\/div>\n","protected":false},"excerpt":{"rendered":"<p>El pasado jueves 26 de septiembre, tuvo lugar en nuestra Instituci\u00f3n un encuentro de trabajo sobre interculturalidad convocado por el \u00c1rea de Pol\u00edticas Estudiantiles de la DGES. Del evento participaron el Equipo de Gesti\u00f3n y docentes de la ENSAC, integrantes del Equipo Profesional de Acompa\u00f1amiento Educativo (EPAE) -Regi\u00f3n Capital-, y del equipo de Educaci\u00f3n Intercultural &#8230; <a title=\"Encuentro de trabajo en interculturalidad en la ENSAC\" class=\"read-more\" href=\"https:\/\/enscarbo-cba.infd.edu.ar\/sitio\/encuentro-de-trabajo-en-interculturalidad-en-la-ensac\/\" aria-label=\"More on Encuentro de trabajo en interculturalidad en la ENSAC\">[+]<\/a><\/p>\n","protected":false},"author":7,"featured_media":0,"comment_status":"open","ping_status":"open","sticky":false,"template":"","format":"standard","meta":[],"categories":[19],"tags":[37],"acf":[],"_links":{"self":[{"href":"https:\/\/enscarbo-cba.infd.edu.ar\/sitio\/wp-json\/wp\/v2\/posts\/6155"}],"collection":[{"href":"https:\/\/enscarbo-cba.infd.edu.ar\/sitio\/wp-json\/wp\/v2\/posts"}],"about":[{"href":"https:\/\/enscarbo-cba.infd.edu.ar\/sitio\/wp-json\/wp\/v2\/types\/post"}],"author":[{"embeddable":true,"href":"https:\/\/enscarbo-cba.infd.edu.ar\/sitio\/wp-json\/wp\/v2\/users\/7"}],"replies":[{"embeddable":true,"href":"https:\/\/enscarbo-cba.infd.edu.ar\/sitio\/wp-json\/wp\/v2\/comments?post=6155"}],"version-history":[{"count":2,"href":"https:\/\/enscarbo-cba.infd.edu.ar\/sitio\/wp-json\/wp\/v2\/posts\/6155\/revisions"}],"predecessor-version":[{"id":6168,"href":"https:\/\/enscarbo-cba.infd.edu.ar\/sitio\/wp-json\/wp\/v2\/posts\/6155\/revisions\/6168"}],"wp:attachment":[{"href":"https:\/\/enscarbo-cba.infd.edu.ar\/sitio\/wp-json\/wp\/v2\/media?parent=6155"}],"wp:term":[{"taxonomy":"category","embeddable":true,"href":"https:\/\/enscarbo-cba.infd.edu.ar\/sitio\/wp-json\/wp\/v2\/categories?post=6155"},{"taxonomy":"post_tag","embeddable":true,"href":"https:\/\/enscarbo-cba.infd.edu.ar\/sitio\/wp-json\/wp\/v2\/tags?post=6155"}],"curies":[{"name":"wp","href":"https:\/\/api.w.org\/{rel}","templated":true}]}}