{"id":6173,"date":"2024-10-04T11:46:00","date_gmt":"2024-10-04T14:46:00","guid":{"rendered":"https:\/\/enscarbo-cba.infd.edu.ar\/sitio\/?p=6173"},"modified":"2024-10-04T13:07:16","modified_gmt":"2024-10-04T16:07:16","slug":"6to-lenguas-visita-el-consulado-general-de-brasil-en-cordoba","status":"publish","type":"post","link":"https:\/\/enscarbo-cba.infd.edu.ar\/sitio\/6to-lenguas-visita-el-consulado-general-de-brasil-en-cordoba\/","title":{"rendered":"6to Lenguas visit\u00f3 el Consulado General de Brasil en C\u00f3rdoba"},"content":{"rendered":"<p>En el d\u00eda de ayer, jueves 03 de octubre, las y los estudiantes de\u00a0 la Orientaci\u00f3n Lenguas de 6to a\u00f1o, de ambos turnos, visitaron el<strong> Consulado General en C\u00f3rdoba de la Rep\u00fablica Federativa de Brasil<\/strong> como parte de un proyecto de la C\u00e1tedra Compartida de Lengua Adicional C: Portugu\u00e9s y Tecnolog\u00edas de la Informaci\u00f3n y la Comunicaci\u00f3n (TIC).<\/p>\n\n\n<figure class=\"wp-block-gallery has-nested-images columns-default is-cropped wp-block-gallery-1 is-layout-flex\">\n<figure class=\"wp-block-image size-large\"><img decoding=\"async\" loading=\"lazy\" width=\"1600\" height=\"1200\" data-id=\"6177\"  src=\"https:\/\/enscarbo-cba.infd.edu.ar\/sitio\/wp-content\/uploads\/2024\/10\/consulado2.jpeg\" alt=\"\" class=\"wp-image-6177\" srcset=\"https:\/\/enscarbo-cba.infd.edu.ar\/sitio\/wp-content\/uploads\/2024\/10\/consulado2.jpeg 1600w, https:\/\/enscarbo-cba.infd.edu.ar\/sitio\/wp-content\/uploads\/2024\/10\/consulado2-1000x750.jpeg 1000w, https:\/\/enscarbo-cba.infd.edu.ar\/sitio\/wp-content\/uploads\/2024\/10\/consulado2-768x576.jpeg 768w, https:\/\/enscarbo-cba.infd.edu.ar\/sitio\/wp-content\/uploads\/2024\/10\/consulado2-1536x1152.jpeg 1536w\" sizes=\"(max-width: 1600px) 100vw, 1600px\" \/><\/figure>\n\n\n\n<figure class=\"wp-block-image size-large\"><img decoding=\"async\" loading=\"lazy\" width=\"1600\" height=\"1200\" data-id=\"6176\"  src=\"https:\/\/enscarbo-cba.infd.edu.ar\/sitio\/wp-content\/uploads\/2024\/10\/consulado3.jpeg\" alt=\"\" class=\"wp-image-6176\" srcset=\"https:\/\/enscarbo-cba.infd.edu.ar\/sitio\/wp-content\/uploads\/2024\/10\/consulado3.jpeg 1600w, https:\/\/enscarbo-cba.infd.edu.ar\/sitio\/wp-content\/uploads\/2024\/10\/consulado3-1000x750.jpeg 1000w, https:\/\/enscarbo-cba.infd.edu.ar\/sitio\/wp-content\/uploads\/2024\/10\/consulado3-768x576.jpeg 768w, https:\/\/enscarbo-cba.infd.edu.ar\/sitio\/wp-content\/uploads\/2024\/10\/consulado3-1536x1152.jpeg 1536w\" sizes=\"(max-width: 1600px) 100vw, 1600px\" \/><\/figure>\n<\/figure>\n\n\n<p>Acompa\u00f1ados por los profesores a cargo de la C\u00e1tedra, Pablo Tenaglia, Mar\u00eda Paula Montenegro, Eliana Pons, y Valeria Oz\u00e1n, nuestros estudiantes <strong>fueron recibidos por el C\u00f3nsul Embajador Santiago Alcazar y por el encargado del \u00e1rea educacional y cultural, Claudio Da Silva<\/strong>. Cada grupo tuvo la oportunidad de entrevistarse con el C\u00f3nsul y conocer la sede diplom\u00e1tica durante una hora, y representar a nuestra bandera nacional como ENSAC.<\/p>\n\n\n<figure class=\"wp-block-image size-full\"><img decoding=\"async\" loading=\"lazy\" width=\"1600\" height=\"1200\" src=\"https:\/\/enscarbo-cba.infd.edu.ar\/sitio\/wp-content\/uploads\/2024\/10\/consulado1-2.jpeg\" alt=\"\" class=\"wp-image-6183\" srcset=\"https:\/\/enscarbo-cba.infd.edu.ar\/sitio\/wp-content\/uploads\/2024\/10\/consulado1-2.jpeg 1600w, https:\/\/enscarbo-cba.infd.edu.ar\/sitio\/wp-content\/uploads\/2024\/10\/consulado1-2-1000x750.jpeg 1000w, https:\/\/enscarbo-cba.infd.edu.ar\/sitio\/wp-content\/uploads\/2024\/10\/consulado1-2-768x576.jpeg 768w, https:\/\/enscarbo-cba.infd.edu.ar\/sitio\/wp-content\/uploads\/2024\/10\/consulado1-2-1536x1152.jpeg 1536w\" sizes=\"(max-width: 1600px) 100vw, 1600px\" \/><\/figure>\n\n\n\n<figure class=\"wp-block-gallery has-nested-images columns-default is-cropped wp-block-gallery-3 is-layout-flex\">\n<figure class=\"wp-block-image size-large\"><img decoding=\"async\" loading=\"lazy\" width=\"1599\" height=\"899\" data-id=\"6180\"  src=\"https:\/\/enscarbo-cba.infd.edu.ar\/sitio\/wp-content\/uploads\/2024\/10\/consulado4.jpeg\" alt=\"\" class=\"wp-image-6180\" srcset=\"https:\/\/enscarbo-cba.infd.edu.ar\/sitio\/wp-content\/uploads\/2024\/10\/consulado4.jpeg 1599w, https:\/\/enscarbo-cba.infd.edu.ar\/sitio\/wp-content\/uploads\/2024\/10\/consulado4-1000x562.jpeg 1000w, https:\/\/enscarbo-cba.infd.edu.ar\/sitio\/wp-content\/uploads\/2024\/10\/consulado4-768x432.jpeg 768w, https:\/\/enscarbo-cba.infd.edu.ar\/sitio\/wp-content\/uploads\/2024\/10\/consulado4-1536x864.jpeg 1536w\" sizes=\"(max-width: 1599px) 100vw, 1599px\" \/><\/figure>\n\n\n\n<figure class=\"wp-block-image size-large\"><img decoding=\"async\" loading=\"lazy\" width=\"1600\" height=\"1200\" data-id=\"6182\"  src=\"https:\/\/enscarbo-cba.infd.edu.ar\/sitio\/wp-content\/uploads\/2024\/10\/consulado5.jpeg\" alt=\"\" class=\"wp-image-6182\" srcset=\"https:\/\/enscarbo-cba.infd.edu.ar\/sitio\/wp-content\/uploads\/2024\/10\/consulado5.jpeg 1600w, https:\/\/enscarbo-cba.infd.edu.ar\/sitio\/wp-content\/uploads\/2024\/10\/consulado5-1000x750.jpeg 1000w, https:\/\/enscarbo-cba.infd.edu.ar\/sitio\/wp-content\/uploads\/2024\/10\/consulado5-768x576.jpeg 768w, https:\/\/enscarbo-cba.infd.edu.ar\/sitio\/wp-content\/uploads\/2024\/10\/consulado5-1536x1152.jpeg 1536w\" sizes=\"(max-width: 1600px) 100vw, 1600px\" \/><\/figure>\n<\/figure>\n","protected":false},"excerpt":{"rendered":"<p>En el d\u00eda de ayer, jueves 03 de octubre, las y los estudiantes de\u00a0 la Orientaci\u00f3n Lenguas de 6to a\u00f1o, de ambos turnos, visitaron el Consulado General en C\u00f3rdoba de la Rep\u00fablica Federativa de Brasil como parte de un proyecto de la C\u00e1tedra Compartida de Lengua Adicional C: Portugu\u00e9s y Tecnolog\u00edas de la Informaci\u00f3n y &#8230; <a title=\"6to Lenguas visit\u00f3 el Consulado General de Brasil en C\u00f3rdoba\" class=\"read-more\" href=\"https:\/\/enscarbo-cba.infd.edu.ar\/sitio\/6to-lenguas-visita-el-consulado-general-de-brasil-en-cordoba\/\" aria-label=\"More on 6to Lenguas visit\u00f3 el Consulado General de Brasil en C\u00f3rdoba\">[+]<\/a><\/p>\n","protected":false},"author":7,"featured_media":0,"comment_status":"open","ping_status":"open","sticky":false,"template":"","format":"standard","meta":[],"categories":[19],"tags":[],"acf":[],"_links":{"self":[{"href":"https:\/\/enscarbo-cba.infd.edu.ar\/sitio\/wp-json\/wp\/v2\/posts\/6173"}],"collection":[{"href":"https:\/\/enscarbo-cba.infd.edu.ar\/sitio\/wp-json\/wp\/v2\/posts"}],"about":[{"href":"https:\/\/enscarbo-cba.infd.edu.ar\/sitio\/wp-json\/wp\/v2\/types\/post"}],"author":[{"embeddable":true,"href":"https:\/\/enscarbo-cba.infd.edu.ar\/sitio\/wp-json\/wp\/v2\/users\/7"}],"replies":[{"embeddable":true,"href":"https:\/\/enscarbo-cba.infd.edu.ar\/sitio\/wp-json\/wp\/v2\/comments?post=6173"}],"version-history":[{"count":6,"href":"https:\/\/enscarbo-cba.infd.edu.ar\/sitio\/wp-json\/wp\/v2\/posts\/6173\/revisions"}],"predecessor-version":[{"id":6189,"href":"https:\/\/enscarbo-cba.infd.edu.ar\/sitio\/wp-json\/wp\/v2\/posts\/6173\/revisions\/6189"}],"wp:attachment":[{"href":"https:\/\/enscarbo-cba.infd.edu.ar\/sitio\/wp-json\/wp\/v2\/media?parent=6173"}],"wp:term":[{"taxonomy":"category","embeddable":true,"href":"https:\/\/enscarbo-cba.infd.edu.ar\/sitio\/wp-json\/wp\/v2\/categories?post=6173"},{"taxonomy":"post_tag","embeddable":true,"href":"https:\/\/enscarbo-cba.infd.edu.ar\/sitio\/wp-json\/wp\/v2\/tags?post=6173"}],"curies":[{"name":"wp","href":"https:\/\/api.w.org\/{rel}","templated":true}]}}