{"id":6314,"date":"2024-10-08T14:31:11","date_gmt":"2024-10-08T17:31:11","guid":{"rendered":"https:\/\/enscarbo-cba.infd.edu.ar\/sitio\/?p=6314"},"modified":"2024-10-29T14:54:22","modified_gmt":"2024-10-29T17:54:22","slug":"taller-pedagogico-para-nuestras-estudiantes-de-nivel-superior","status":"publish","type":"post","link":"https:\/\/enscarbo-cba.infd.edu.ar\/sitio\/taller-pedagogico-para-nuestras-estudiantes-de-nivel-superior\/","title":{"rendered":"Taller Pedag\u00f3gico para nuestras estudiantes de Nivel Superior"},"content":{"rendered":"\n<p>Nuestras estudiantes del Profesorado de Ense\u00f1anza Primaria participaron de una taller pedag\u00f3gico en acerca de Alfabetizaci\u00f3n Informacional (ALFIN), Dise\u00f1os Curriculares y N\u00facleos de Aprendizajes Prioritarios en la sede de la Biblioteca Provincial de Maestros a cargo de la Subsecretar\u00eda de Fortalecimiento Institucional.<\/p>\n\n\n\n<figure class=\"wp-block-image size-full\"><img decoding=\"async\" loading=\"lazy\" width=\"1080\" height=\"541\" src=\"https:\/\/enscarbo-cba.infd.edu.ar\/sitio\/wp-content\/uploads\/2024\/10\/Taller-NS-1.jpg\" alt=\"\" class=\"wp-image-6317\" srcset=\"https:\/\/enscarbo-cba.infd.edu.ar\/sitio\/wp-content\/uploads\/2024\/10\/Taller-NS-1.jpg 1080w, https:\/\/enscarbo-cba.infd.edu.ar\/sitio\/wp-content\/uploads\/2024\/10\/Taller-NS-1-1000x501.jpg 1000w, https:\/\/enscarbo-cba.infd.edu.ar\/sitio\/wp-content\/uploads\/2024\/10\/Taller-NS-1-768x385.jpg 768w\" sizes=\"(max-width: 1080px) 100vw, 1080px\" \/><\/figure>\n\n\n<p>La jornada cont\u00f3 con la destacada participaci\u00f3n del Director General de Nivel Primario, Lic. Cruz \u00c1lvarez, la Coordinadora de la Biblioteca, F\u00e1tima Serione, y la Lic. Claudia Juan, quienes compartieron sus conocimientos y experiencias.<\/p>\n\n\n<figure class=\"wp-block-image size-full\"><img decoding=\"async\" loading=\"lazy\" width=\"1080\" height=\"528\" src=\"https:\/\/enscarbo-cba.infd.edu.ar\/sitio\/wp-content\/uploads\/2024\/10\/Taller-NS-2.jpg\" alt=\"\" class=\"wp-image-6319\" srcset=\"https:\/\/enscarbo-cba.infd.edu.ar\/sitio\/wp-content\/uploads\/2024\/10\/Taller-NS-2.jpg 1080w, https:\/\/enscarbo-cba.infd.edu.ar\/sitio\/wp-content\/uploads\/2024\/10\/Taller-NS-2-1000x489.jpg 1000w, https:\/\/enscarbo-cba.infd.edu.ar\/sitio\/wp-content\/uploads\/2024\/10\/Taller-NS-2-768x375.jpg 768w\" sizes=\"(max-width: 1080px) 100vw, 1080px\" \/><\/figure>\n\n\n<p>Acompa\u00f1aron a las estudiantes la Prof. Mar\u00eda Laura Barrionuevo, la Prof. \u00c1ngeles Sagristani, el Prof. Carlos Lencinas, y la Regente de Nivel Superior, Graciana Charaferdin. Fue un espacio enriquecedor para el futuro de la Educaci\u00f3n Primaria.<\/p>","protected":false},"excerpt":{"rendered":"<p>Nuestras estudiantes del Profesorado de Ense\u00f1anza Primaria participaron de una taller pedag\u00f3gico en acerca de Alfabetizaci\u00f3n Informacional (ALFIN), Dise\u00f1os Curriculares y N\u00facleos de Aprendizajes Prioritarios en la sede de la Biblioteca Provincial de Maestros a cargo de la Subsecretar\u00eda de Fortalecimiento Institucional. La jornada cont\u00f3 con la destacada participaci\u00f3n del Director General de Nivel Primario, &#8230; <a title=\"Taller Pedag\u00f3gico para nuestras estudiantes de Nivel Superior\" class=\"read-more\" href=\"https:\/\/enscarbo-cba.infd.edu.ar\/sitio\/taller-pedagogico-para-nuestras-estudiantes-de-nivel-superior\/\" aria-label=\"More on Taller Pedag\u00f3gico para nuestras estudiantes de Nivel Superior\">[+]<\/a><\/p>\n","protected":false},"author":7,"featured_media":0,"comment_status":"open","ping_status":"open","sticky":false,"template":"","format":"standard","meta":[],"categories":[19],"tags":[],"acf":[],"_links":{"self":[{"href":"https:\/\/enscarbo-cba.infd.edu.ar\/sitio\/wp-json\/wp\/v2\/posts\/6314"}],"collection":[{"href":"https:\/\/enscarbo-cba.infd.edu.ar\/sitio\/wp-json\/wp\/v2\/posts"}],"about":[{"href":"https:\/\/enscarbo-cba.infd.edu.ar\/sitio\/wp-json\/wp\/v2\/types\/post"}],"author":[{"embeddable":true,"href":"https:\/\/enscarbo-cba.infd.edu.ar\/sitio\/wp-json\/wp\/v2\/users\/7"}],"replies":[{"embeddable":true,"href":"https:\/\/enscarbo-cba.infd.edu.ar\/sitio\/wp-json\/wp\/v2\/comments?post=6314"}],"version-history":[{"count":3,"href":"https:\/\/enscarbo-cba.infd.edu.ar\/sitio\/wp-json\/wp\/v2\/posts\/6314\/revisions"}],"predecessor-version":[{"id":6320,"href":"https:\/\/enscarbo-cba.infd.edu.ar\/sitio\/wp-json\/wp\/v2\/posts\/6314\/revisions\/6320"}],"wp:attachment":[{"href":"https:\/\/enscarbo-cba.infd.edu.ar\/sitio\/wp-json\/wp\/v2\/media?parent=6314"}],"wp:term":[{"taxonomy":"category","embeddable":true,"href":"https:\/\/enscarbo-cba.infd.edu.ar\/sitio\/wp-json\/wp\/v2\/categories?post=6314"},{"taxonomy":"post_tag","embeddable":true,"href":"https:\/\/enscarbo-cba.infd.edu.ar\/sitio\/wp-json\/wp\/v2\/tags?post=6314"}],"curies":[{"name":"wp","href":"https:\/\/api.w.org\/{rel}","templated":true}]}}