{"id":6324,"date":"2024-10-30T17:15:00","date_gmt":"2024-10-30T20:15:00","guid":{"rendered":"https:\/\/enscarbo-cba.infd.edu.ar\/sitio\/?p=6324"},"modified":"2024-10-30T21:59:17","modified_gmt":"2024-10-31T00:59:17","slug":"llega-la-expo-carbo","status":"publish","type":"post","link":"https:\/\/enscarbo-cba.infd.edu.ar\/sitio\/llega-la-expo-carbo\/","title":{"rendered":"\u00a1Llega la EXPO CARB\u00d3!"},"content":{"rendered":"<div>Invitamos a toda la Comunidad Educativa a participar de la Jornada de Puertas abiertas de Nivel Superior <strong>\u00ab<em>Expo Carb\u00f3\u00bb<\/em><\/strong> el pr\u00f3ximo d\u00eda<strong> viernes 01 de noviembre de 09.30 a 11.30, de 15.30 a 17.30, y de 19 a 21 hs.<\/strong>&nbsp;<\/div>\n<div>&nbsp;<\/div>\n<div>Nuestra expo surge en el marco del proyecto de fortalecimiento de Nivel Superior y de las jornadas de formaci\u00f3n situada <em>\u00abLa Escuela Posible: consolida logros y emprende la mejora\u00bb<\/em> que se llevaron adelante en el presente a\u00f1o.&nbsp;&nbsp;<\/div>\n\n\n<figure class=\"wp-block-image size-full\"><img decoding=\"async\" loading=\"lazy\" width=\"1242\" height=\"1755\" src=\"https:\/\/enscarbo-cba.infd.edu.ar\/sitio\/wp-content\/uploads\/2024\/10\/Programa-Expo-Carbo_page-0001.jpg\" alt=\"\" class=\"wp-image-6325\" srcset=\"https:\/\/enscarbo-cba.infd.edu.ar\/sitio\/wp-content\/uploads\/2024\/10\/Programa-Expo-Carbo_page-0001.jpg 1242w, https:\/\/enscarbo-cba.infd.edu.ar\/sitio\/wp-content\/uploads\/2024\/10\/Programa-Expo-Carbo_page-0001-708x1000.jpg 708w, https:\/\/enscarbo-cba.infd.edu.ar\/sitio\/wp-content\/uploads\/2024\/10\/Programa-Expo-Carbo_page-0001-768x1085.jpg 768w, https:\/\/enscarbo-cba.infd.edu.ar\/sitio\/wp-content\/uploads\/2024\/10\/Programa-Expo-Carbo_page-0001-1087x1536.jpg 1087w\" sizes=\"(max-width: 1242px) 100vw, 1242px\" \/><\/figure>\n\n\n<div dir=\"auto\">En esta jornada, podr\u00e1n recorrer los diferentes espacios donde el equipo docente y estudiantes del nivel dar\u00e1n a conocer los<strong> proyectos llevados adelante en el ciclo lectivo 2024<\/strong>, a trav\u00e9s de <strong>muestras, mesas de di\u00e1logo, aula inmersiva, presentaciones, debates y la jornada de cierre de la Pr\u00e1ctica Docente<\/strong>.<\/div>\n<div dir=\"auto\">\u00a0<\/div>\n<div dir=\"auto\">A continuaci\u00f3n, les compartimos el cronograma de la <em><strong>Expo Carb\u00f3<\/strong><\/em>:<\/div>\n<div dir=\"auto\">\u00a0<\/div>\n\n\n<figure class=\"wp-block-image size-large\"><img decoding=\"async\" loading=\"lazy\" width=\"1900\" height=\"283\" src=\"https:\/\/enscarbo-cba.infd.edu.ar\/sitio\/wp-content\/uploads\/2024\/10\/1-1900x283.jpg\" alt=\"\" class=\"wp-image-6335\" srcset=\"https:\/\/enscarbo-cba.infd.edu.ar\/sitio\/wp-content\/uploads\/2024\/10\/1-1900x283.jpg 1900w, https:\/\/enscarbo-cba.infd.edu.ar\/sitio\/wp-content\/uploads\/2024\/10\/1-1000x149.jpg 1000w, https:\/\/enscarbo-cba.infd.edu.ar\/sitio\/wp-content\/uploads\/2024\/10\/1-768x114.jpg 768w, https:\/\/enscarbo-cba.infd.edu.ar\/sitio\/wp-content\/uploads\/2024\/10\/1-1536x228.jpg 1536w, https:\/\/enscarbo-cba.infd.edu.ar\/sitio\/wp-content\/uploads\/2024\/10\/1-2048x305.jpg 2048w\" sizes=\"(max-width: 1900px) 100vw, 1900px\" \/><\/figure>\n\n\n\n<figure class=\"wp-block-image size-full\"><img decoding=\"async\" loading=\"lazy\" width=\"1189\" height=\"702\" src=\"https:\/\/enscarbo-cba.infd.edu.ar\/sitio\/wp-content\/uploads\/2024\/10\/Programa-Expo-Carbo_page-0002-1.jpg\" alt=\"\" class=\"wp-image-6328\" srcset=\"https:\/\/enscarbo-cba.infd.edu.ar\/sitio\/wp-content\/uploads\/2024\/10\/Programa-Expo-Carbo_page-0002-1.jpg 1189w, https:\/\/enscarbo-cba.infd.edu.ar\/sitio\/wp-content\/uploads\/2024\/10\/Programa-Expo-Carbo_page-0002-1-1000x590.jpg 1000w, https:\/\/enscarbo-cba.infd.edu.ar\/sitio\/wp-content\/uploads\/2024\/10\/Programa-Expo-Carbo_page-0002-1-768x453.jpg 768w\" sizes=\"(max-width: 1189px) 100vw, 1189px\" \/><\/figure>\n\n\n\n<figure class=\"wp-block-image size-large\"><img decoding=\"async\" loading=\"lazy\" width=\"1900\" height=\"279\" src=\"https:\/\/enscarbo-cba.infd.edu.ar\/sitio\/wp-content\/uploads\/2024\/10\/2-1900x279.jpg\" alt=\"\" class=\"wp-image-6337\" srcset=\"https:\/\/enscarbo-cba.infd.edu.ar\/sitio\/wp-content\/uploads\/2024\/10\/2-1900x279.jpg 1900w, https:\/\/enscarbo-cba.infd.edu.ar\/sitio\/wp-content\/uploads\/2024\/10\/2-1000x147.jpg 1000w, https:\/\/enscarbo-cba.infd.edu.ar\/sitio\/wp-content\/uploads\/2024\/10\/2-768x113.jpg 768w, https:\/\/enscarbo-cba.infd.edu.ar\/sitio\/wp-content\/uploads\/2024\/10\/2-1536x225.jpg 1536w, https:\/\/enscarbo-cba.infd.edu.ar\/sitio\/wp-content\/uploads\/2024\/10\/2-2048x300.jpg 2048w\" sizes=\"(max-width: 1900px) 100vw, 1900px\" \/><\/figure>\n\n\n\n<figure class=\"wp-block-image size-full\"><img decoding=\"async\" loading=\"lazy\" width=\"1196\" height=\"1257\" src=\"https:\/\/enscarbo-cba.infd.edu.ar\/sitio\/wp-content\/uploads\/2024\/10\/Programa-Expo-Carbo_page-0003.jpg\" alt=\"\" class=\"wp-image-6329\" srcset=\"https:\/\/enscarbo-cba.infd.edu.ar\/sitio\/wp-content\/uploads\/2024\/10\/Programa-Expo-Carbo_page-0003.jpg 1196w, https:\/\/enscarbo-cba.infd.edu.ar\/sitio\/wp-content\/uploads\/2024\/10\/Programa-Expo-Carbo_page-0003-951x1000.jpg 951w, https:\/\/enscarbo-cba.infd.edu.ar\/sitio\/wp-content\/uploads\/2024\/10\/Programa-Expo-Carbo_page-0003-768x807.jpg 768w\" sizes=\"(max-width: 1196px) 100vw, 1196px\" \/><\/figure>\n\n\n\n<figure class=\"wp-block-image size-large\"><img decoding=\"async\" loading=\"lazy\" width=\"1900\" height=\"281\" src=\"https:\/\/enscarbo-cba.infd.edu.ar\/sitio\/wp-content\/uploads\/2024\/10\/3-1900x281.jpg\" alt=\"\" class=\"wp-image-6338\" srcset=\"https:\/\/enscarbo-cba.infd.edu.ar\/sitio\/wp-content\/uploads\/2024\/10\/3-1900x281.jpg 1900w, https:\/\/enscarbo-cba.infd.edu.ar\/sitio\/wp-content\/uploads\/2024\/10\/3-1000x148.jpg 1000w, https:\/\/enscarbo-cba.infd.edu.ar\/sitio\/wp-content\/uploads\/2024\/10\/3-768x114.jpg 768w, https:\/\/enscarbo-cba.infd.edu.ar\/sitio\/wp-content\/uploads\/2024\/10\/3-1536x228.jpg 1536w, https:\/\/enscarbo-cba.infd.edu.ar\/sitio\/wp-content\/uploads\/2024\/10\/3-2048x303.jpg 2048w\" sizes=\"(max-width: 1900px) 100vw, 1900px\" \/><\/figure>\n\n\n\n<figure class=\"wp-block-image size-full\"><img decoding=\"async\" loading=\"lazy\" width=\"1191\" height=\"1128\" src=\"https:\/\/enscarbo-cba.infd.edu.ar\/sitio\/wp-content\/uploads\/2024\/10\/Programa-Expo-Carbo_page-0004-1.jpg\" alt=\"\" class=\"wp-image-6332\" srcset=\"https:\/\/enscarbo-cba.infd.edu.ar\/sitio\/wp-content\/uploads\/2024\/10\/Programa-Expo-Carbo_page-0004-1.jpg 1191w, https:\/\/enscarbo-cba.infd.edu.ar\/sitio\/wp-content\/uploads\/2024\/10\/Programa-Expo-Carbo_page-0004-1-1000x947.jpg 1000w, https:\/\/enscarbo-cba.infd.edu.ar\/sitio\/wp-content\/uploads\/2024\/10\/Programa-Expo-Carbo_page-0004-1-768x727.jpg 768w\" sizes=\"(max-width: 1191px) 100vw, 1191px\" \/><\/figure>\n\n\n\n<figure class=\"wp-block-image size-full\"><img decoding=\"async\" loading=\"lazy\" width=\"1188\" height=\"935\" src=\"https:\/\/enscarbo-cba.infd.edu.ar\/sitio\/wp-content\/uploads\/2024\/10\/Programa-Expo-Carbo_page-0005-1.jpg\" alt=\"\" class=\"wp-image-6333\" srcset=\"https:\/\/enscarbo-cba.infd.edu.ar\/sitio\/wp-content\/uploads\/2024\/10\/Programa-Expo-Carbo_page-0005-1.jpg 1188w, https:\/\/enscarbo-cba.infd.edu.ar\/sitio\/wp-content\/uploads\/2024\/10\/Programa-Expo-Carbo_page-0005-1-1000x787.jpg 1000w, https:\/\/enscarbo-cba.infd.edu.ar\/sitio\/wp-content\/uploads\/2024\/10\/Programa-Expo-Carbo_page-0005-1-768x604.jpg 768w\" sizes=\"(max-width: 1188px) 100vw, 1188px\" \/><\/figure>\n\n\n<p>Adem\u00e1s, les compartimos un croquis de la Escuela con la ubicaci\u00f3n de las aulas donde se realizar\u00e1 la muestra, para facilitar su identificaci\u00f3n:<\/p>\n\n\n<figure class=\"wp-block-image size-full\"><img decoding=\"async\" loading=\"lazy\" width=\"974\" height=\"905\" src=\"https:\/\/enscarbo-cba.infd.edu.ar\/sitio\/wp-content\/uploads\/2024\/10\/Programa-Expo-Carbo_page-0005.jpg\" alt=\"\" class=\"wp-image-6327\" srcset=\"https:\/\/enscarbo-cba.infd.edu.ar\/sitio\/wp-content\/uploads\/2024\/10\/Programa-Expo-Carbo_page-0005.jpg 974w, https:\/\/enscarbo-cba.infd.edu.ar\/sitio\/wp-content\/uploads\/2024\/10\/Programa-Expo-Carbo_page-0005-768x714.jpg 768w\" sizes=\"(max-width: 974px) 100vw, 974px\" \/><\/figure>\n","protected":false},"excerpt":{"rendered":"<p>Invitamos a toda la Comunidad Educativa a participar de la Jornada de Puertas abiertas de Nivel Superior \u00abExpo Carb\u00f3\u00bb el pr\u00f3ximo d\u00eda viernes 01 de noviembre de 09.30 a 11.30, de 15.30 a 17.30, y de 19 a 21 hs.&nbsp; &nbsp; Nuestra expo surge en el marco del proyecto de fortalecimiento de Nivel Superior y &#8230; <a title=\"\u00a1Llega la EXPO CARB\u00d3!\" class=\"read-more\" href=\"https:\/\/enscarbo-cba.infd.edu.ar\/sitio\/llega-la-expo-carbo\/\" aria-label=\"More on \u00a1Llega la EXPO CARB\u00d3!\">[+]<\/a><\/p>\n","protected":false},"author":7,"featured_media":0,"comment_status":"closed","ping_status":"closed","sticky":false,"template":"","format":"standard","meta":[],"categories":[19],"tags":[37],"acf":[],"_links":{"self":[{"href":"https:\/\/enscarbo-cba.infd.edu.ar\/sitio\/wp-json\/wp\/v2\/posts\/6324"}],"collection":[{"href":"https:\/\/enscarbo-cba.infd.edu.ar\/sitio\/wp-json\/wp\/v2\/posts"}],"about":[{"href":"https:\/\/enscarbo-cba.infd.edu.ar\/sitio\/wp-json\/wp\/v2\/types\/post"}],"author":[{"embeddable":true,"href":"https:\/\/enscarbo-cba.infd.edu.ar\/sitio\/wp-json\/wp\/v2\/users\/7"}],"replies":[{"embeddable":true,"href":"https:\/\/enscarbo-cba.infd.edu.ar\/sitio\/wp-json\/wp\/v2\/comments?post=6324"}],"version-history":[{"count":4,"href":"https:\/\/enscarbo-cba.infd.edu.ar\/sitio\/wp-json\/wp\/v2\/posts\/6324\/revisions"}],"predecessor-version":[{"id":6341,"href":"https:\/\/enscarbo-cba.infd.edu.ar\/sitio\/wp-json\/wp\/v2\/posts\/6324\/revisions\/6341"}],"wp:attachment":[{"href":"https:\/\/enscarbo-cba.infd.edu.ar\/sitio\/wp-json\/wp\/v2\/media?parent=6324"}],"wp:term":[{"taxonomy":"category","embeddable":true,"href":"https:\/\/enscarbo-cba.infd.edu.ar\/sitio\/wp-json\/wp\/v2\/categories?post=6324"},{"taxonomy":"post_tag","embeddable":true,"href":"https:\/\/enscarbo-cba.infd.edu.ar\/sitio\/wp-json\/wp\/v2\/tags?post=6324"}],"curies":[{"name":"wp","href":"https:\/\/api.w.org\/{rel}","templated":true}]}}