{"id":6694,"date":"2026-04-21T08:58:16","date_gmt":"2026-04-21T11:58:16","guid":{"rendered":"https:\/\/enscarbo-cba.infd.edu.ar\/sitio\/?p=6694"},"modified":"2026-04-21T09:42:19","modified_gmt":"2026-04-21T12:42:19","slug":"jornada-democratica-en-el-nivel-superior-el-carbo-eligio-a-su-nuevo-centro-de-estudiantes","status":"publish","type":"post","link":"https:\/\/enscarbo-cba.infd.edu.ar\/sitio\/jornada-democratica-en-el-nivel-superior-el-carbo-eligio-a-su-nuevo-centro-de-estudiantes\/","title":{"rendered":"Jornada democr\u00e1tica en el Nivel Superior: El Carb\u00f3 eligi\u00f3 a su nuevo Centro de Estudiantes"},"content":{"rendered":"\n<p>El pasado 16 de abril, la comunidad educativa de la Escuela Normal Superior \u00abDr. Alejandro Carb\u00f3\u00bb vivi\u00f3 una jornada clave para la participaci\u00f3n ciudadana y el compromiso juvenil. Los estudiantes del Nivel Superior asistieron a las urnas para elegir a sus representantes para el per\u00edodo 2026.<\/p>\n\n\n\n<p>Participaci\u00f3n y Resultados: Con una concurrencia que alcanz\u00f3 el 41,6% del padr\u00f3n total (852 electores), se contabilizaron 354 votos emitidos. La Lista 208 &#8211; \u00abHuella Violeta y Verde\u00bb se impuso con un total de 292 votos, consolid\u00e1ndose como la conducci\u00f3n elegida para representar los intereses y proyectos del claustro estudiantil.<\/p>\n\n\n\n<p>El escrutinio final se complet\u00f3 con 53 votos en blanco y 8 votos nulos, reflejando un proceso transparente y legitimado por la voluntad de los estudiantes.<\/p>\n\n\n\n<p>Desde el Equipo de Gesti\u00f3n, felicitamos a los nuevos representantes y celebramos la vigencia de estos espacios de construcci\u00f3n colectiva que fortalecen la identidad de nuestro querido Carb\u00f3.<\/p>\n\n\n\n<figure class=\"wp-block-image size-full\"><img decoding=\"async\" loading=\"lazy\" width=\"1024\" height=\"1536\" src=\"https:\/\/enscarbo-cba.infd.edu.ar\/sitio\/wp-content\/uploads\/2026\/04\/FLYER-ELECCIONES-CARBO-SUPERIOR.png\" alt=\"\" class=\"wp-image-6695\" srcset=\"https:\/\/enscarbo-cba.infd.edu.ar\/sitio\/wp-content\/uploads\/2026\/04\/FLYER-ELECCIONES-CARBO-SUPERIOR.png 1024w, https:\/\/enscarbo-cba.infd.edu.ar\/sitio\/wp-content\/uploads\/2026\/04\/FLYER-ELECCIONES-CARBO-SUPERIOR-667x1000.png 667w, https:\/\/enscarbo-cba.infd.edu.ar\/sitio\/wp-content\/uploads\/2026\/04\/FLYER-ELECCIONES-CARBO-SUPERIOR-768x1152.png 768w\" sizes=\"(max-width: 1024px) 100vw, 1024px\" \/><\/figure>\n","protected":false},"excerpt":{"rendered":"<p>El pasado 16 de abril, la comunidad educativa de la Escuela Normal Superior \u00abDr. Alejandro Carb\u00f3\u00bb vivi\u00f3 una jornada clave para la participaci\u00f3n ciudadana y el compromiso juvenil. Los estudiantes del Nivel Superior asistieron a las urnas para elegir a sus representantes para el per\u00edodo 2026. Participaci\u00f3n y Resultados: Con una concurrencia que alcanz\u00f3 el &#8230; <a title=\"Jornada democr\u00e1tica en el Nivel Superior: El Carb\u00f3 eligi\u00f3 a su nuevo Centro de Estudiantes\" class=\"read-more\" href=\"https:\/\/enscarbo-cba.infd.edu.ar\/sitio\/jornada-democratica-en-el-nivel-superior-el-carbo-eligio-a-su-nuevo-centro-de-estudiantes\/\" aria-label=\"More on Jornada democr\u00e1tica en el Nivel Superior: El Carb\u00f3 eligi\u00f3 a su nuevo Centro de Estudiantes\">[+]<\/a><\/p>\n","protected":false},"author":890,"featured_media":0,"comment_status":"open","ping_status":"open","sticky":false,"template":"","format":"standard","meta":[],"categories":[54,19],"tags":[63,62,37,41,64],"acf":[],"_links":{"self":[{"href":"https:\/\/enscarbo-cba.infd.edu.ar\/sitio\/wp-json\/wp\/v2\/posts\/6694"}],"collection":[{"href":"https:\/\/enscarbo-cba.infd.edu.ar\/sitio\/wp-json\/wp\/v2\/posts"}],"about":[{"href":"https:\/\/enscarbo-cba.infd.edu.ar\/sitio\/wp-json\/wp\/v2\/types\/post"}],"author":[{"embeddable":true,"href":"https:\/\/enscarbo-cba.infd.edu.ar\/sitio\/wp-json\/wp\/v2\/users\/890"}],"replies":[{"embeddable":true,"href":"https:\/\/enscarbo-cba.infd.edu.ar\/sitio\/wp-json\/wp\/v2\/comments?post=6694"}],"version-history":[{"count":3,"href":"https:\/\/enscarbo-cba.infd.edu.ar\/sitio\/wp-json\/wp\/v2\/posts\/6694\/revisions"}],"predecessor-version":[{"id":6699,"href":"https:\/\/enscarbo-cba.infd.edu.ar\/sitio\/wp-json\/wp\/v2\/posts\/6694\/revisions\/6699"}],"wp:attachment":[{"href":"https:\/\/enscarbo-cba.infd.edu.ar\/sitio\/wp-json\/wp\/v2\/media?parent=6694"}],"wp:term":[{"taxonomy":"category","embeddable":true,"href":"https:\/\/enscarbo-cba.infd.edu.ar\/sitio\/wp-json\/wp\/v2\/categories?post=6694"},{"taxonomy":"post_tag","embeddable":true,"href":"https:\/\/enscarbo-cba.infd.edu.ar\/sitio\/wp-json\/wp\/v2\/tags?post=6694"}],"curies":[{"name":"wp","href":"https:\/\/api.w.org\/{rel}","templated":true}]}}