{"id":6697,"date":"2026-04-21T11:11:06","date_gmt":"2026-04-21T14:11:06","guid":{"rendered":"https:\/\/enscarbo-cba.infd.edu.ar\/sitio\/?p=6697"},"modified":"2026-04-21T12:16:02","modified_gmt":"2026-04-21T15:16:02","slug":"convocatoria-2026-renovacion-del-consejo-institucional-del-nivel-superior","status":"publish","type":"post","link":"https:\/\/enscarbo-cba.infd.edu.ar\/sitio\/convocatoria-2026-renovacion-del-consejo-institucional-del-nivel-superior\/","title":{"rendered":"Convocatoria 2026: Renovaci\u00f3n del Consejo Institucional del Nivel Superior"},"content":{"rendered":"\n<p><strong>Estimada comunidad de la Escuela Normal Superior \u00abDr. Alejandro Carb\u00f3\u00bb:<\/strong><\/p>\n\n\n\n<p>Informamos que, tras la reciente constituci\u00f3n de la Junta Electoral, se da inicio formal al proceso de Renovaci\u00f3n del Consejo Institucional de nuestro Nivel Superior, seg\u00fan lo establecido en las Resoluciones 750\/11 y 821.<\/p>\n\n\n\n<p>El Consejo Institucional es el \u00f3rgano colegiado fundamental para la gesti\u00f3n, orientaci\u00f3n y asesoramiento de nuestra instituci\u00f3n. Invitamos a docentes, estudiantes y egresados a participar activamente de este ejercicio democr\u00e1tico.<\/p>\n\n\n\n<h3 class=\"wp-block-heading\">&#x1f4c5; Cronograma Electoral 2026<\/h3>\n\n\n\n<p>Es fundamental respetar las fechas establecidas para cada etapa del proceso:<\/p>\n\n\n\n<ul>\n<li><strong>Desde el 20 de abril:<\/strong> Apertura de empadronamiento para egresados e inicio de inscripci\u00f3n de candidatos.<\/li>\n\n\n\n<li><strong>08 al 12 de junio:<\/strong> Revisi\u00f3n y publicaci\u00f3n de padrones provisorios e impugnaciones.<\/li>\n\n\n\n<li><strong>15 al 19 de junio:<\/strong> Publicaci\u00f3n de padrones y listas definitivas.<\/li>\n\n\n\n<li><strong>23, 24 y 25 de junio:<\/strong> Jornadas de votaci\u00f3n.<\/li>\n<\/ul>\n\n\n\n<h3 class=\"wp-block-heading\">&#x1f4cb;Requisitos para Candidatos (<a href=\"https:\/\/dges-cba.infd.edu.ar\/sitio\/resoluciones-ministerio-de-educacion\/upload\/Res_Min_821-13.PDF\">Res. 821<\/a>)<\/h3>\n\n\n\n<figure class=\"wp-block-table\"><table><thead><tr><td><strong>Claustro<\/strong><\/td><td><strong>Requisitos Principales<\/strong><\/td><\/tr><\/thead><tbody><tr><td><strong>Docente<\/strong><\/td><td>M\u00ednimo 3 a\u00f1os de antig\u00fcedad en el Nivel Superior del Carb\u00f3 y situaci\u00f3n de revista titular o interino.<\/td><\/tr><tr><td><strong>Estudiantil<\/strong><\/td><td>Tener aprobado, al menos, el 20% de las materias del plan de estudios vigente.<\/td><\/tr><tr><td><strong>Egresados<\/strong><\/td><td>El padr\u00f3n deber\u00e1 contar con un m\u00ednimo de 20 personas para validar la representaci\u00f3n.<\/td><\/tr><\/tbody><\/table><\/figure>\n\n\n\n<h3 class=\"wp-block-heading\">Inscripci\u00f3n y Empadronamiento<\/h3>\n\n\n\n<p>Para formalizar su participaci\u00f3n, cada claustro debe completar el formulario correspondiente en los siguientes enlaces:<\/p>\n\n\n\n<ul>\n<li>&#x1f449; <strong><a href=\"https:\/\/docs.google.com\/forms\/d\/e\/1FAIpQLSdKxZnXP3H4NcLc7VoAd4rmWhrHgE3gyuAQzLbJYniBO3CDhg\/viewform?usp=sharing&amp;ouid=116987092112878946271\">AQU\u00cd: Formulario Aspirantes DOCENTES<\/a><\/strong><\/li>\n\n\n\n<li>&#x1f449; <strong><a href=\"https:\/\/docs.google.com\/forms\/d\/e\/1FAIpQLSe2_ER6U-pUJ7q3YVJN6dMIBySRpO8Qbg0RlRcxbafck9yvJQ\/viewform?usp=sharing&amp;ouid=116987092112878946271\">AQU\u00cd: Formulario Aspirantes ESTUDIANTES<\/a><\/strong><\/li>\n\n\n\n<li>&#x1f449; <strong><a href=\"https:\/\/docs.google.com\/forms\/d\/e\/1FAIpQLSeEEm_i4Xm0xvVe7SzGQQvrK5V7fib-i02mrtP_hqYYhjD0HA\/viewform?usp=sharing&amp;ouid=116987092112878946271\">AQU\u00cd: Formulario Aspirantes EGRESADOS<\/a><\/strong><\/li>\n<\/ul>\n\n\n\n<figure class=\"wp-block-gallery has-nested-images columns-default is-cropped wp-block-gallery-1 is-layout-flex\">\n<figure class=\"wp-block-image size-full\"><img decoding=\"async\" loading=\"lazy\" width=\"1078\" height=\"1530\" data-id=\"6701\"  src=\"https:\/\/enscarbo-cba.infd.edu.ar\/sitio\/wp-content\/uploads\/2026\/04\/RESOLUCION-1.jpeg\" alt=\"\" class=\"wp-image-6701\" srcset=\"https:\/\/enscarbo-cba.infd.edu.ar\/sitio\/wp-content\/uploads\/2026\/04\/RESOLUCION-1.jpeg 1078w, https:\/\/enscarbo-cba.infd.edu.ar\/sitio\/wp-content\/uploads\/2026\/04\/RESOLUCION-1-705x1000.jpeg 705w, https:\/\/enscarbo-cba.infd.edu.ar\/sitio\/wp-content\/uploads\/2026\/04\/RESOLUCION-1-768x1090.jpeg 768w\" sizes=\"(max-width: 1078px) 100vw, 1078px\" \/><\/figure>\n<\/figure>\n\n\n\n<figure class=\"wp-block-image size-full\"><img decoding=\"async\" loading=\"lazy\" width=\"1084\" height=\"1530\" src=\"https:\/\/enscarbo-cba.infd.edu.ar\/sitio\/wp-content\/uploads\/2026\/04\/ACTA-1.jpeg\" alt=\"\" class=\"wp-image-6703\" srcset=\"https:\/\/enscarbo-cba.infd.edu.ar\/sitio\/wp-content\/uploads\/2026\/04\/ACTA-1.jpeg 1084w, https:\/\/enscarbo-cba.infd.edu.ar\/sitio\/wp-content\/uploads\/2026\/04\/ACTA-1-708x1000.jpeg 708w, https:\/\/enscarbo-cba.infd.edu.ar\/sitio\/wp-content\/uploads\/2026\/04\/ACTA-1-768x1084.jpeg 768w\" sizes=\"(max-width: 1084px) 100vw, 1084px\" \/><\/figure>\n","protected":false},"excerpt":{"rendered":"<p>Estimada comunidad de la Escuela Normal Superior \u00abDr. Alejandro Carb\u00f3\u00bb: Informamos que, tras la reciente constituci\u00f3n de la Junta Electoral, se da inicio formal al proceso de Renovaci\u00f3n del Consejo Institucional de nuestro Nivel Superior, seg\u00fan lo establecido en las Resoluciones 750\/11 y 821. El Consejo Institucional es el \u00f3rgano colegiado fundamental para la gesti\u00f3n, &#8230; <a title=\"Convocatoria 2026: Renovaci\u00f3n del Consejo Institucional del Nivel Superior\" class=\"read-more\" href=\"https:\/\/enscarbo-cba.infd.edu.ar\/sitio\/convocatoria-2026-renovacion-del-consejo-institucional-del-nivel-superior\/\" aria-label=\"More on Convocatoria 2026: Renovaci\u00f3n del Consejo Institucional del Nivel Superior\">[+]<\/a><\/p>\n","protected":false},"author":890,"featured_media":0,"comment_status":"open","ping_status":"open","sticky":false,"template":"","format":"standard","meta":[],"categories":[54,19],"tags":[65],"acf":[],"_links":{"self":[{"href":"https:\/\/enscarbo-cba.infd.edu.ar\/sitio\/wp-json\/wp\/v2\/posts\/6697"}],"collection":[{"href":"https:\/\/enscarbo-cba.infd.edu.ar\/sitio\/wp-json\/wp\/v2\/posts"}],"about":[{"href":"https:\/\/enscarbo-cba.infd.edu.ar\/sitio\/wp-json\/wp\/v2\/types\/post"}],"author":[{"embeddable":true,"href":"https:\/\/enscarbo-cba.infd.edu.ar\/sitio\/wp-json\/wp\/v2\/users\/890"}],"replies":[{"embeddable":true,"href":"https:\/\/enscarbo-cba.infd.edu.ar\/sitio\/wp-json\/wp\/v2\/comments?post=6697"}],"version-history":[{"count":2,"href":"https:\/\/enscarbo-cba.infd.edu.ar\/sitio\/wp-json\/wp\/v2\/posts\/6697\/revisions"}],"predecessor-version":[{"id":6707,"href":"https:\/\/enscarbo-cba.infd.edu.ar\/sitio\/wp-json\/wp\/v2\/posts\/6697\/revisions\/6707"}],"wp:attachment":[{"href":"https:\/\/enscarbo-cba.infd.edu.ar\/sitio\/wp-json\/wp\/v2\/media?parent=6697"}],"wp:term":[{"taxonomy":"category","embeddable":true,"href":"https:\/\/enscarbo-cba.infd.edu.ar\/sitio\/wp-json\/wp\/v2\/categories?post=6697"},{"taxonomy":"post_tag","embeddable":true,"href":"https:\/\/enscarbo-cba.infd.edu.ar\/sitio\/wp-json\/wp\/v2\/tags?post=6697"}],"curies":[{"name":"wp","href":"https:\/\/api.w.org\/{rel}","templated":true}]}}